{"id":9993,"date":"2026-05-02T09:00:00","date_gmt":"2026-05-02T13:00:00","guid":{"rendered":"https:\/\/amororaima.com.br\/?p=9993"},"modified":"2026-05-01T21:24:04","modified_gmt":"2026-05-02T01:24:04","slug":"baixa-procura-leva-roraima-a-ampliar-vacinacao-contra-influenza-para-publico-de-ate-60-anos","status":"publish","type":"post","link":"https:\/\/amororaima.com.br\/index.php\/2026\/05\/02\/baixa-procura-leva-roraima-a-ampliar-vacinacao-contra-influenza-para-publico-de-ate-60-anos\/","title":{"rendered":"Baixa procura leva Roraima a ampliar vacina\u00e7\u00e3o contra influenza para p\u00fablico de at\u00e9 60 anos"},"content":{"rendered":"\n<p>A baixa procura pela vacina contra a gripe entre os grupos priorit\u00e1rios levou a Secretaria Estadual de Sa\u00fade (Sesau) a ampliar a imuniza\u00e7\u00e3o para a popula\u00e7\u00e3o geral de at\u00e9 60 anos em Roraima. A medida entrou em vigor nesta sexta-feira (1\u00ba).<\/p>\n\n\n\n<p>A partir de agora, qualquer pessoa entre 6 meses e 60 anos pode receber o imunizante nas Unidades B\u00e1sicas de Sa\u00fade (UBS) distribu\u00eddas na capital e no interior do estado.<\/p>\n\n\n\n<p>Antes da amplia\u00e7\u00e3o, a vacina\u00e7\u00e3o era restrita a grupos considerados mais vulner\u00e1veis a complica\u00e7\u00f5es da doen\u00e7a, como idosos e pessoas com comorbidades.<\/p>\n\n\n\n<p>De acordo com o diretor do Departamento de Vigil\u00e2ncia Epidemiol\u00f3gica, Jos\u00e9 Vieira Filho, a decis\u00e3o foi tomada diante da necessidade de ampliar a cobertura vacinal.<\/p>\n\n\n\n<p>\u201cO estado est\u00e1 abrindo a ades\u00e3o dessa vacina para toda a popula\u00e7\u00e3o. Todas as pessoas a partir dos 6 meses de idade at\u00e9 60 anos est\u00e3o aptas a se vacinar\u201d, afirmou.<\/p>\n\n\n\n<p>Na Regi\u00e3o Norte, o calend\u00e1rio da vacina\u00e7\u00e3o contra influenza segue um cronograma diferenciado em rela\u00e7\u00e3o ao restante do pa\u00eds.<\/p>\n\n\n\n<p>Em Roraima, a campanha foi encerrada no dia 28 de fevereiro, mas precisou ser prorrogada at\u00e9 quarta-feira (30).<\/p>\n\n\n\n<p>Mesmo com a extens\u00e3o do prazo, a ades\u00e3o continuou abaixo do esperado, com doses ainda dispon\u00edveis.<\/p>\n\n\n\n<p>Al\u00e9m disso, o in\u00edcio do per\u00edodo chuvoso contribui para o aumento da circula\u00e7\u00e3o de v\u00edrus respirat\u00f3rios e dos casos de gripe.<\/p>\n\n\n\n<p>\u201cN\u00f3s estamos dentro de um per\u00edodo sazonal, com muitos casos de gripe, que est\u00e3o aumentando, e n\u00f3s precisamos ter nossa popula\u00e7\u00e3o imunizada. O ideal \u00e9 que as pessoas procurem uma unidade de sa\u00fade [UBS], leve o seu cart\u00e3o e vamos vacinar porque \u00e9 o \u00fanico meio de prevenir o agravamento da doen\u00e7a\u201d, explicou Vieira.<\/p>\n\n\n\n<p>A Sesau orienta que a popula\u00e7\u00e3o busque as unidades de sa\u00fade para garantir a imuniza\u00e7\u00e3o.<\/p>\n","protected":false},"excerpt":{"rendered":"<p>A baixa procura pela vacina contra a gripe entre os grupos priorit\u00e1rios levou a Secretaria Estadual de Sa\u00fade (Sesau) a ampliar a imuniza\u00e7\u00e3o para a popula\u00e7\u00e3o geral de at\u00e9 60 anos em Roraima. A medida entrou em vigor nesta sexta-feira (1\u00ba). A partir de agora, qualquer pessoa entre 6 meses e 60 anos pode receber [&hellip;]<\/p>\n","protected":false},"author":123458,"featured_media":9994,"comment_status":"closed","ping_status":"closed","sticky":false,"template":"","format":"standard","meta":{"footnotes":""},"categories":[20,27],"tags":[159,189,156,93,85,158,796,5095],"class_list":["post-9993","post","type-post","status-publish","format-standard","has-post-thumbnail","hentry","category-roraima","category-saude","tag-departamento-de-vigilancia-epidemiologica","tag-gripe","tag-influenza","tag-roraima","tag-sesau","tag-ubs","tag-vacina","tag-virus-respiratorios"],"_links":{"self":[{"href":"https:\/\/amororaima.com.br\/index.php\/wp-json\/wp\/v2\/posts\/9993","targetHints":{"allow":["GET"]}}],"collection":[{"href":"https:\/\/amororaima.com.br\/index.php\/wp-json\/wp\/v2\/posts"}],"about":[{"href":"https:\/\/amororaima.com.br\/index.php\/wp-json\/wp\/v2\/types\/post"}],"author":[{"embeddable":true,"href":"https:\/\/amororaima.com.br\/index.php\/wp-json\/wp\/v2\/users\/123458"}],"replies":[{"embeddable":true,"href":"https:\/\/amororaima.com.br\/index.php\/wp-json\/wp\/v2\/comments?post=9993"}],"version-history":[{"count":1,"href":"https:\/\/amororaima.com.br\/index.php\/wp-json\/wp\/v2\/posts\/9993\/revisions"}],"predecessor-version":[{"id":9995,"href":"https:\/\/amororaima.com.br\/index.php\/wp-json\/wp\/v2\/posts\/9993\/revisions\/9995"}],"wp:featuredmedia":[{"embeddable":true,"href":"https:\/\/amororaima.com.br\/index.php\/wp-json\/wp\/v2\/media\/9994"}],"wp:attachment":[{"href":"https:\/\/amororaima.com.br\/index.php\/wp-json\/wp\/v2\/media?parent=9993"}],"wp:term":[{"taxonomy":"category","embeddable":true,"href":"https:\/\/amororaima.com.br\/index.php\/wp-json\/wp\/v2\/categories?post=9993"},{"taxonomy":"post_tag","embeddable":true,"href":"https:\/\/amororaima.com.br\/index.php\/wp-json\/wp\/v2\/tags?post=9993"}],"curies":[{"name":"wp","href":"https:\/\/api.w.org\/{rel}","templated":true}]}}