{"id":9955,"date":"2026-04-30T19:47:17","date_gmt":"2026-04-30T23:47:17","guid":{"rendered":"https:\/\/amororaima.com.br\/?p=9955"},"modified":"2026-04-30T19:47:17","modified_gmt":"2026-04-30T23:47:17","slug":"soldado-sampaio-assume-governo-em-cerimonia-na-assembleia-legislativa-de-roraima","status":"publish","type":"post","link":"https:\/\/amororaima.com.br\/index.php\/2026\/04\/30\/soldado-sampaio-assume-governo-em-cerimonia-na-assembleia-legislativa-de-roraima\/","title":{"rendered":"Soldado Sampaio assume governo em cerim\u00f4nia na Assembleia Legislativa de Roraima"},"content":{"rendered":"\n<p>O deputado Soldado Sampaio (Republicanos) tomou posse como governador de Roraima no fim da tarde desta quinta-feira (30), em solenidade na Assembleia Legislativa (ALERR), ap\u00f3s <a href=\"https:\/\/amororaima.com.br\/index.php\/2026\/04\/30\/tse-encerra-julgamento-e-determina-eleicao-direta-para-mandato-tampao-em-roraima\/\" target=\"_blank\" rel=\"noreferrer noopener\"><strong>decis\u00e3o do Tribunal Superior Eleitoral (TSE) que cassou o mandato de Edilson Dami\u00e3o (Uni\u00e3o Brasil)<\/strong><\/a>.<\/p>\n\n\n\n<p>Dami\u00e3o havia assumido o cargo em 27 de mar\u00e7o, ap\u00f3s a ren\u00fancia de Antonio Denarium (PP), que deixou o governo para disputar o Senado. Ambos foram condenados por abuso de poder pol\u00edtico e econ\u00f4mico.<\/p>\n\n\n\n<p>A decis\u00e3o do TSE tamb\u00e9m tornou Denarium ineleg\u00edvel por oito anos e determinou a realiza\u00e7\u00e3o de elei\u00e7\u00e3o suplementar direta para escolha de um novo governador.<\/p>\n\n\n\n<p>Sampaio assume o comando do Executivo estadual por estar na linha sucess\u00f3ria prevista na Constitui\u00e7\u00e3o, j\u00e1 que n\u00e3o h\u00e1 vice-governador. Com sua sa\u00edda da presid\u00eancia da ALERR, o cargo passa a ser ocupado por Jorge Everton (Uni\u00e3o Brasil).<\/p>\n\n\n\n<p>O <a href=\"https:\/\/amororaima.com.br\/index.php\/2026\/04\/24\/processo-sobre-edilson-damiao-e-denarium-volta-a-ser-julgado-no-tse-na-terca-feira-28\/\" target=\"_blank\" rel=\"noreferrer noopener\"><strong>julgamento<\/strong><\/a> foi conclu\u00eddo na manh\u00e3 desta quinta-feira e incluiu debate sobre o modelo de escolha do novo governador.<\/p>\n\n\n\n<p>O ministro Andr\u00e9 Mendon\u00e7a defendeu elei\u00e7\u00e3o indireta pela ALERR, citando crit\u00e9rios como efici\u00eancia administrativa e custos.<\/p>\n\n\n\n<p>A maioria dos ministros rejeitou a proposta e manteve a elei\u00e7\u00e3o direta, com base no artigo 224 do C\u00f3digo Eleitoral.<\/p>\n\n\n\n<p>O tribunal considerou o calend\u00e1rio eleitoral com possibilidade de vota\u00e7\u00e3o em 21 de junho e 8 de novembro.<\/p>\n\n\n\n<p>Mendon\u00e7a argumentou que dois processos eleitorais pr\u00f3ximos n\u00e3o trariam benef\u00edcio pr\u00e1tico, mas a tese n\u00e3o foi acolhida.<\/p>\n\n\n\n<p><a href=\"https:\/\/amororaima.com.br\/index.php\/2024\/11\/19\/pela-quarta-vez-tribunal-regional-eleitoral-de-roraima-cassa-mandato-de-antonio-denarium\/\" target=\"_blank\" rel=\"noreferrer noopener\"><strong>O Tribunal Regional Eleitoral de Roraima (TRE-RR)<\/strong><\/a> organizar\u00e1 o pleito e dever\u00e1 informar o TSE em caso de dificuldades.<\/p>\n\n\n\n<p><strong>Biografia<\/strong><\/p>\n\n\n\n<p>Francisco dos Santos Sampaio nasceu em 12 de maio de 1976, em Pedreiras, Maranh\u00e3o. Casado e pai de tr\u00eas filhos, foi policial militar e atuou na Associa\u00e7\u00e3o de Policiais e Bombeiros Militares (APBM-RR).<\/p>\n\n\n\n<p>Ele cumpre o quarto mandato como deputado estadual, eleito em 2010, 2014, 2018 e 2022, com 8.746 votos. Em 2020, foi chefe da Casa Civil.<\/p>\n\n\n\n<p>Sampaio presidia a ALERR desde 2021, ap\u00f3s decis\u00e3o do Supremo Tribunal Federal (STF) que limitou reelei\u00e7\u00f5es consecutivas, atingindo o ent\u00e3o presidente Jalser Renier.<\/p>\n","protected":false},"excerpt":{"rendered":"<p>O deputado Soldado Sampaio (Republicanos) tomou posse como governador de Roraima no fim da tarde desta quinta-feira (30), em solenidade na Assembleia Legislativa (ALERR), ap\u00f3s decis\u00e3o do Tribunal Superior Eleitoral (TSE) que cassou o mandato de Edilson Dami\u00e3o (Uni\u00e3o Brasil). Dami\u00e3o havia assumido o cargo em 27 de mar\u00e7o, ap\u00f3s a ren\u00fancia de Antonio Denarium [&hellip;]<\/p>\n","protected":false},"author":123458,"featured_media":9956,"comment_status":"closed","ping_status":"closed","sticky":false,"template":"","format":"standard","meta":{"footnotes":""},"categories":[19,31,20],"tags":[289,290,445,77,3210,1271,338,2548,5078,93,1222,53,233,269],"class_list":["post-9955","post","type-post","status-publish","format-standard","has-post-thumbnail","hentry","category-brasil","category-politica","category-roraima","tag-abuso-de-poder","tag-cassacao","tag-codigo-eleitoral","tag-constituicao","tag-damiao","tag-denarium","tag-eleicoes-2022","tag-governo","tag-mandato-tampao","tag-roraima","tag-soldado-sampaio","tag-stf","tag-tre-rr","tag-tse"],"_links":{"self":[{"href":"https:\/\/amororaima.com.br\/index.php\/wp-json\/wp\/v2\/posts\/9955","targetHints":{"allow":["GET"]}}],"collection":[{"href":"https:\/\/amororaima.com.br\/index.php\/wp-json\/wp\/v2\/posts"}],"about":[{"href":"https:\/\/amororaima.com.br\/index.php\/wp-json\/wp\/v2\/types\/post"}],"author":[{"embeddable":true,"href":"https:\/\/amororaima.com.br\/index.php\/wp-json\/wp\/v2\/users\/123458"}],"replies":[{"embeddable":true,"href":"https:\/\/amororaima.com.br\/index.php\/wp-json\/wp\/v2\/comments?post=9955"}],"version-history":[{"count":2,"href":"https:\/\/amororaima.com.br\/index.php\/wp-json\/wp\/v2\/posts\/9955\/revisions"}],"predecessor-version":[{"id":9958,"href":"https:\/\/amororaima.com.br\/index.php\/wp-json\/wp\/v2\/posts\/9955\/revisions\/9958"}],"wp:featuredmedia":[{"embeddable":true,"href":"https:\/\/amororaima.com.br\/index.php\/wp-json\/wp\/v2\/media\/9956"}],"wp:attachment":[{"href":"https:\/\/amororaima.com.br\/index.php\/wp-json\/wp\/v2\/media?parent=9955"}],"wp:term":[{"taxonomy":"category","embeddable":true,"href":"https:\/\/amororaima.com.br\/index.php\/wp-json\/wp\/v2\/categories?post=9955"},{"taxonomy":"post_tag","embeddable":true,"href":"https:\/\/amororaima.com.br\/index.php\/wp-json\/wp\/v2\/tags?post=9955"}],"curies":[{"name":"wp","href":"https:\/\/api.w.org\/{rel}","templated":true}]}}