{"id":9951,"date":"2026-04-30T07:00:00","date_gmt":"2026-04-30T11:00:00","guid":{"rendered":"https:\/\/amororaima.com.br\/?p=9951"},"modified":"2026-04-30T14:23:04","modified_gmt":"2026-04-30T18:23:04","slug":"prf-intensifica-fiscalizacao-nas-rodovias-de-roraima-durante-feriado-prolongado","status":"publish","type":"post","link":"https:\/\/amororaima.com.br\/index.php\/2026\/04\/30\/prf-intensifica-fiscalizacao-nas-rodovias-de-roraima-durante-feriado-prolongado\/","title":{"rendered":"PRF intensifica fiscaliza\u00e7\u00e3o nas rodovias de Roraima durante feriado prolongado"},"content":{"rendered":"\n<p>A Pol\u00edcia Rodovi\u00e1ria Federal (PRF) iniciou nesta quinta-feira (30) a Opera\u00e7\u00e3o Dia do Trabalho 2026, que se estende at\u00e9 domingo (3) com foco na seguran\u00e7a vi\u00e1ria e na fluidez do tr\u00e2nsito durante o feriado prolongado. Em Roraima, a atua\u00e7\u00e3o est\u00e1 concentrada em pontos com maior registro de infra\u00e7\u00f5es.<\/p>\n\n\n\n<p>O per\u00edodo \u00e9 marcado por aumento no fluxo de ve\u00edculos nas rodovias federais, o que eleva o risco de acidentes e exige refor\u00e7o na fiscaliza\u00e7\u00e3o.<\/p>\n\n\n\n<p>A opera\u00e7\u00e3o integra o Plano Nacional de Redu\u00e7\u00e3o de Mortes e Les\u00f5es no Tr\u00e2nsito (PNATRANS), alinhado \u00e0 Organiza\u00e7\u00e3o das Na\u00e7\u00f5es Unidas (ONU), que estabelece meta de redu\u00e7\u00e3o de 50% das mortes no tr\u00e2nsito at\u00e9 2030.<\/p>\n\n\n\n<p>Entre as a\u00e7\u00f5es previstas est\u00e3o patrulhamento refor\u00e7ado e fiscaliza\u00e7\u00e3o de condutas como embriaguez ao volante, excesso de velocidade, ultrapassagens indevidas, uso de celular na dire\u00e7\u00e3o e irregularidades em equipamentos de seguran\u00e7a.<\/p>\n\n\n\n<p>As equipes utilizam etil\u00f4metros, radares e monitoramento de trechos cr\u00edticos para identificar infra\u00e7\u00f5es, especialmente em rodovias de pista simples.<\/p>\n\n\n\n<p>A PRF estabeleceu meta de aumento de 10% nos indicadores de esfor\u00e7o, incluindo fiscaliza\u00e7\u00e3o de ve\u00edculos, pessoas e equipamentos eletr\u00f4nicos, em rela\u00e7\u00e3o ao \u00faltimo feriado prolongado.<\/p>\n\n\n\n<p>O refor\u00e7o operacional busca ampliar a presen\u00e7a nas rodovias e melhorar a capacidade de resposta a ocorr\u00eancias, al\u00e9m de atuar de forma preventiva.<\/p>\n\n\n\n<p>Paralelamente, a opera\u00e7\u00e3o inclui combate \u00e0 criminalidade, com foco no tr\u00e1fico de drogas e armas, roubo de cargas, contrabando e explora\u00e7\u00e3o sexual de crian\u00e7as e adolescentes.<\/p>\n\n\n\n<p>O feriado de 1\u00ba de maio, celebrado nesta sexta-feira, costuma concentrar maior circula\u00e7\u00e3o de ve\u00edculos, aumentando a necessidade de aten\u00e7\u00e3o dos condutores.<\/p>\n\n\n\n<p>A PRF recomenda revis\u00e3o do ve\u00edculo, planejamento da viagem, respeito ao descanso, aten\u00e7\u00e3o \u00e0 sinaliza\u00e7\u00e3o, regulariza\u00e7\u00e3o da documenta\u00e7\u00e3o e n\u00e3o ingest\u00e3o de \u00e1lcool ao dirigir.<\/p>\n\n\n\n<p>Em caso de emerg\u00eancia em rodovias federais, o n\u00famero de contato \u00e9 191.<\/p>\n","protected":false},"excerpt":{"rendered":"<p>A Pol\u00edcia Rodovi\u00e1ria Federal (PRF) iniciou nesta quinta-feira (30) a Opera\u00e7\u00e3o Dia do Trabalho 2026, que se estende at\u00e9 domingo (3) com foco na seguran\u00e7a vi\u00e1ria e na fluidez do tr\u00e2nsito durante o feriado prolongado. Em Roraima, a atua\u00e7\u00e3o est\u00e1 concentrada em pontos com maior registro de infra\u00e7\u00f5es. O per\u00edodo \u00e9 marcado por aumento no [&hellip;]<\/p>\n","protected":false},"author":123458,"featured_media":9952,"comment_status":"closed","ping_status":"closed","sticky":false,"template":"","format":"standard","meta":{"footnotes":""},"categories":[19,34,20],"tags":[5054,1709,520,5081,5082,5083,114,115,93],"class_list":["post-9951","post","type-post","status-publish","format-standard","has-post-thumbnail","hentry","category-brasil","category-policia","category-roraima","tag-feriado","tag-fiscalizacao","tag-onu","tag-operacao-dia-do-trabalho-2026","tag-pnatrans","tag-policiamento","tag-prf","tag-rodovias-federais","tag-roraima"],"_links":{"self":[{"href":"https:\/\/amororaima.com.br\/index.php\/wp-json\/wp\/v2\/posts\/9951","targetHints":{"allow":["GET"]}}],"collection":[{"href":"https:\/\/amororaima.com.br\/index.php\/wp-json\/wp\/v2\/posts"}],"about":[{"href":"https:\/\/amororaima.com.br\/index.php\/wp-json\/wp\/v2\/types\/post"}],"author":[{"embeddable":true,"href":"https:\/\/amororaima.com.br\/index.php\/wp-json\/wp\/v2\/users\/123458"}],"replies":[{"embeddable":true,"href":"https:\/\/amororaima.com.br\/index.php\/wp-json\/wp\/v2\/comments?post=9951"}],"version-history":[{"count":1,"href":"https:\/\/amororaima.com.br\/index.php\/wp-json\/wp\/v2\/posts\/9951\/revisions"}],"predecessor-version":[{"id":9953,"href":"https:\/\/amororaima.com.br\/index.php\/wp-json\/wp\/v2\/posts\/9951\/revisions\/9953"}],"wp:featuredmedia":[{"embeddable":true,"href":"https:\/\/amororaima.com.br\/index.php\/wp-json\/wp\/v2\/media\/9952"}],"wp:attachment":[{"href":"https:\/\/amororaima.com.br\/index.php\/wp-json\/wp\/v2\/media?parent=9951"}],"wp:term":[{"taxonomy":"category","embeddable":true,"href":"https:\/\/amororaima.com.br\/index.php\/wp-json\/wp\/v2\/categories?post=9951"},{"taxonomy":"post_tag","embeddable":true,"href":"https:\/\/amororaima.com.br\/index.php\/wp-json\/wp\/v2\/tags?post=9951"}],"curies":[{"name":"wp","href":"https:\/\/api.w.org\/{rel}","templated":true}]}}