{"id":9943,"date":"2026-04-30T12:50:44","date_gmt":"2026-04-30T16:50:44","guid":{"rendered":"https:\/\/amororaima.com.br\/?p=9943"},"modified":"2026-04-30T12:50:44","modified_gmt":"2026-04-30T16:50:44","slug":"tse-encerra-julgamento-e-determina-eleicao-direta-para-mandato-tampao-em-roraima","status":"publish","type":"post","link":"https:\/\/amororaima.com.br\/index.php\/2026\/04\/30\/tse-encerra-julgamento-e-determina-eleicao-direta-para-mandato-tampao-em-roraima\/","title":{"rendered":"TSE encerra julgamento e determina elei\u00e7\u00e3o direta para mandato-tamp\u00e3o em Roraima"},"content":{"rendered":"\n<p>O Tribunal Superior Eleitoral (TSE) decidiu, nesta quinta-feira (30), que Roraima ter\u00e1 elei\u00e7\u00e3o direta para escolha de governador ap\u00f3s cassar Edilson Dami\u00e3o (Uni\u00e3o Brasil) e declarar Antonio Denarium (Republicanos) ineleg\u00edvel por oito anos. O mandato-tamp\u00e3o vai at\u00e9 6 de janeiro de 2027.<\/p>\n\n\n\n<p>A decis\u00e3o foi tomada ao fim de um <a href=\"https:\/\/amororaima.com.br\/index.php\/2026\/04\/24\/processo-sobre-edilson-damiao-e-denarium-volta-a-ser-julgado-no-tse-na-terca-feira-28\/\" target=\"_blank\" rel=\"noreferrer noopener\"><strong>julgamento<\/strong><\/a> que durou 625 dias e envolveu seis sess\u00f5es desde agosto de 2024. <a href=\"https:\/\/amororaima.com.br\/index.php\/2026\/04\/28\/6-votos-a-1-tse-cassa-mandato-de-damiao-e-torna-denarium-inelegivel-por-oito-anos\/\" target=\"_blank\" rel=\"noreferrer noopener\"><strong>Na ter\u00e7a-feira (28), o tribunal j\u00e1 havia formado maioria<\/strong><\/a> pela cassa\u00e7\u00e3o de Dami\u00e3o, que havia assumido o governo em 27 de mar\u00e7o, ap\u00f3s a ren\u00fancia de Denarium para disputar o Senado.<\/p>\n\n\n\n<p>O processo trata de acusa\u00e7\u00f5es de abuso de poder pol\u00edtico e econ\u00f4mico nas elei\u00e7\u00f5es de 2022, al\u00e9m de promo\u00e7\u00e3o institucional e uso indevido dos meios de comunica\u00e7\u00e3o.<\/p>\n\n\n\n<p>Entre os fatos analisados est\u00e3o a cria\u00e7\u00e3o do programa Cesta da Fam\u00edlia no ano eleitoral, com atendimento de at\u00e9 50 mil fam\u00edlias; o programa Morar Melhor sem lei autorizadora e sem execu\u00e7\u00e3o or\u00e7ament\u00e1ria pr\u00e9via, com promo\u00e7\u00e3o pessoal; o repasse de R$ 69,8 milh\u00f5es a munic\u00edpios de Roraima sob justificativa de enfrentamento de chuvas; e publicidade institucional em 2021 e 2022 com promo\u00e7\u00e3o pessoal do governo.<\/p>\n\n\n\n<p>Com o voto do ministro Andr\u00e9 Mendon\u00e7a, o TSE confirmou a cassa\u00e7\u00e3o da chapa, mas houve diverg\u00eancia sobre o modelo de sucess\u00e3o.<\/p>\n\n\n\n<p>Mendon\u00e7a defendeu elei\u00e7\u00e3o indireta pela Assembleia Legislativa de Roraima (ALERR), com base em crit\u00e9rios de efici\u00eancia administrativa e proporcionalidade, considerando o impacto de duas elei\u00e7\u00f5es em curto intervalo. O cen\u00e1rio inclu\u00eda possibilidade de vota\u00e7\u00e3o em 21 de junho e 8 de novembro.<\/p>\n\n\n\n<p>A proposta foi rejeitada pela maioria, que manteve a regra do artigo 224 do C\u00f3digo Eleitoral, que prev\u00ea elei\u00e7\u00e3o direta.<\/p>\n\n\n\n<p><a href=\"https:\/\/amororaima.com.br\/index.php\/2024\/11\/19\/pela-quarta-vez-tribunal-regional-eleitoral-de-roraima-cassa-mandato-de-antonio-denarium\/\" target=\"_blank\" rel=\"noreferrer noopener\"><strong>O Tribunal Regional Eleitoral de Roraima (TRE-RR) <\/strong><\/a>organizar\u00e1 o pleito e dever\u00e1 comunicar o TSE em caso de inviabilidade.<\/p>\n\n\n\n<p>Com a decis\u00e3o, Edilson Dami\u00e3o deixa o cargo imediatamente. O presidente da ALERR, Soldado Sampaio (Republicanos), assume interinamente o governo, enquanto Jorge Everton (Uni\u00e3o Brasil) passa a comandar o Legislativo.<\/p>\n\n\n\n<p>Denarium foi declarado ineleg\u00edvel at\u00e9 2030. Dami\u00e3o ainda pode disputar elei\u00e7\u00f5es neste ano. Recursos podem ser apresentados ao TSE e ao Supremo Tribunal Federal (STF).<\/p>\n","protected":false},"excerpt":{"rendered":"<p>O Tribunal Superior Eleitoral (TSE) decidiu, nesta quinta-feira (30), que Roraima ter\u00e1 elei\u00e7\u00e3o direta para escolha de governador ap\u00f3s cassar Edilson Dami\u00e3o (Uni\u00e3o Brasil) e declarar Antonio Denarium (Republicanos) ineleg\u00edvel por oito anos. O mandato-tamp\u00e3o vai at\u00e9 6 de janeiro de 2027. A decis\u00e3o foi tomada ao fim de um julgamento que durou 625 dias [&hellip;]<\/p>\n","protected":false},"author":123458,"featured_media":9944,"comment_status":"closed","ping_status":"closed","sticky":false,"template":"","format":"standard","meta":{"footnotes":""},"categories":[19,31,20],"tags":[289,3003,290,2438,3210,1271,281,2548,3108,5078,3025,93,53,233,269],"class_list":["post-9943","post","type-post","status-publish","format-standard","has-post-thumbnail","hentry","category-brasil","category-politica","category-roraima","tag-abuso-de-poder","tag-alerr","tag-cassacao","tag-cesta-da-familia","tag-damiao","tag-denarium","tag-eleicoes","tag-governo","tag-inelegibilidade","tag-mandato-tampao","tag-morar-melhor-2","tag-roraima","tag-stf","tag-tre-rr","tag-tse"],"_links":{"self":[{"href":"https:\/\/amororaima.com.br\/index.php\/wp-json\/wp\/v2\/posts\/9943","targetHints":{"allow":["GET"]}}],"collection":[{"href":"https:\/\/amororaima.com.br\/index.php\/wp-json\/wp\/v2\/posts"}],"about":[{"href":"https:\/\/amororaima.com.br\/index.php\/wp-json\/wp\/v2\/types\/post"}],"author":[{"embeddable":true,"href":"https:\/\/amororaima.com.br\/index.php\/wp-json\/wp\/v2\/users\/123458"}],"replies":[{"embeddable":true,"href":"https:\/\/amororaima.com.br\/index.php\/wp-json\/wp\/v2\/comments?post=9943"}],"version-history":[{"count":2,"href":"https:\/\/amororaima.com.br\/index.php\/wp-json\/wp\/v2\/posts\/9943\/revisions"}],"predecessor-version":[{"id":9946,"href":"https:\/\/amororaima.com.br\/index.php\/wp-json\/wp\/v2\/posts\/9943\/revisions\/9946"}],"wp:featuredmedia":[{"embeddable":true,"href":"https:\/\/amororaima.com.br\/index.php\/wp-json\/wp\/v2\/media\/9944"}],"wp:attachment":[{"href":"https:\/\/amororaima.com.br\/index.php\/wp-json\/wp\/v2\/media?parent=9943"}],"wp:term":[{"taxonomy":"category","embeddable":true,"href":"https:\/\/amororaima.com.br\/index.php\/wp-json\/wp\/v2\/categories?post=9943"},{"taxonomy":"post_tag","embeddable":true,"href":"https:\/\/amororaima.com.br\/index.php\/wp-json\/wp\/v2\/tags?post=9943"}],"curies":[{"name":"wp","href":"https:\/\/api.w.org\/{rel}","templated":true}]}}