{"id":9932,"date":"2026-04-30T10:35:43","date_gmt":"2026-04-30T14:35:43","guid":{"rendered":"https:\/\/amororaima.com.br\/?p=9932"},"modified":"2026-04-30T10:36:51","modified_gmt":"2026-04-30T14:36:51","slug":"suspeito-de-carcere-privado-tortura-e-extorsao-e-preso-apos-adolescente-fugir-e-denunciar-caso-a-policia-em-pacaraima","status":"publish","type":"post","link":"https:\/\/amororaima.com.br\/index.php\/2026\/04\/30\/suspeito-de-carcere-privado-tortura-e-extorsao-e-preso-apos-adolescente-fugir-e-denunciar-caso-a-policia-em-pacaraima\/","title":{"rendered":"Suspeito de c\u00e1rcere privado, tortura e extors\u00e3o \u00e9 preso ap\u00f3s adolescente fugir e denunciar caso \u00e0 pol\u00edcia em Pacaraima"},"content":{"rendered":"\n<p>Um venezuelano foi preso em flagrante ap\u00f3s um adolescente de 16 anos denunciar ter sido v\u00edtima de tortura, c\u00e1rcere privado e extors\u00e3o em Pacaraima, munic\u00edpio localizado no norte de Roraima. As informa\u00e7\u00f5es foram divulgadas pela Pol\u00edcia Civil nesta quarta-feira (29).<\/p>\n\n\n\n<p>De acordo com o depoimento do jovem, ele foi mantido amarrado por v\u00e1rias horas em uma resid\u00eancia abandonada, onde sofreu agress\u00f5es f\u00edsicas, amea\u00e7as de morte e foi obrigado a transferir dinheiro aos criminosos.<\/p>\n\n\n\n<p>O caso come\u00e7ou na tarde de segunda-feira (27), quando o adolescente estava em uma barbearia no Centro da cidade aguardando atendimento e foi alvo de roubo.<\/p>\n\n\n\n<p>Ap\u00f3s tentar recuperar o celular, ele acabou cercado por integrantes de um grupo criminoso, que o dominaram e o levaram \u00e0 for\u00e7a para um im\u00f3vel abandonado.<\/p>\n\n\n\n<p>No local, ele passou a ser agredido fisicamente e permaneceu sob vigil\u00e2ncia dos suspeitos.<\/p>\n\n\n\n<p>Durante o per\u00edodo em que esteve no im\u00f3vel, o adolescente teve as m\u00e3os amarradas, sofreu espancamentos e foi v\u00edtima de tentativa de enforcamento.<\/p>\n\n\n\n<p>Al\u00e9m disso, foi coagido a transferir R$ 122 via Pix para uma chave indicada pelos criminosos. Tamb\u00e9m teve R$ 150 em esp\u00e9cie levados, al\u00e9m de outros pertences.<\/p>\n\n\n\n<p>Ap\u00f3s conseguir fugir na manh\u00e3 de ter\u00e7a-feira (28), a v\u00edtima procurou a delegacia e registrou boletim de ocorr\u00eancia, dando in\u00edcio \u00e0s dilig\u00eancias policiais.<\/p>\n\n\n\n<p>\u201cDurante o deslocamento, ele reconheceu um dos autores em via p\u00fablica, permitindo abordagem r\u00e1pida e pris\u00e3o em flagrante\u201d, afirmou o delegado Robin Felipe Barreto de Ara\u00fajo.<\/p>\n\n\n\n<p>Exames periciais confirmaram as les\u00f5es descritas pela v\u00edtima, apontando compatibilidade com agress\u00f5es f\u00edsicas e uso de amarras. <\/p>\n\n\n\n<p>O suspeito, de 30 anos, foi autuado em flagrante por tortura qualificada contra adolescente, c\u00e1rcere privado qualificado e extors\u00e3o, passou por audi\u00eancia de cust\u00f3dia nesta quarta-feira (29) e permanece \u00e0 disposi\u00e7\u00e3o da Justi\u00e7a, enquanto as investiga\u00e7\u00f5es continuam.<\/p>\n","protected":false},"excerpt":{"rendered":"<p>Um venezuelano foi preso em flagrante ap\u00f3s um adolescente de 16 anos denunciar ter sido v\u00edtima de tortura, c\u00e1rcere privado e extors\u00e3o em Pacaraima, munic\u00edpio localizado no norte de Roraima. As informa\u00e7\u00f5es foram divulgadas pela Pol\u00edcia Civil nesta quarta-feira (29). De acordo com o depoimento do jovem, ele foi mantido amarrado por v\u00e1rias horas em [&hellip;]<\/p>\n","protected":false},"author":123458,"featured_media":9933,"comment_status":"closed","ping_status":"closed","sticky":false,"template":"","format":"standard","meta":{"footnotes":""},"categories":[34,20],"tags":[203,1198,1299,4074,277,55,196,447,93,58],"class_list":["post-9932","post","type-post","status-publish","format-standard","has-post-thumbnail","hentry","category-policia","category-roraima","tag-audiencia-de-custodia","tag-carcere-privado","tag-extorsao","tag-flagrante","tag-pacaraima","tag-policia-civil-2","tag-policia-militar-2","tag-prisao","tag-roraima","tag-tortura"],"_links":{"self":[{"href":"https:\/\/amororaima.com.br\/index.php\/wp-json\/wp\/v2\/posts\/9932","targetHints":{"allow":["GET"]}}],"collection":[{"href":"https:\/\/amororaima.com.br\/index.php\/wp-json\/wp\/v2\/posts"}],"about":[{"href":"https:\/\/amororaima.com.br\/index.php\/wp-json\/wp\/v2\/types\/post"}],"author":[{"embeddable":true,"href":"https:\/\/amororaima.com.br\/index.php\/wp-json\/wp\/v2\/users\/123458"}],"replies":[{"embeddable":true,"href":"https:\/\/amororaima.com.br\/index.php\/wp-json\/wp\/v2\/comments?post=9932"}],"version-history":[{"count":2,"href":"https:\/\/amororaima.com.br\/index.php\/wp-json\/wp\/v2\/posts\/9932\/revisions"}],"predecessor-version":[{"id":9935,"href":"https:\/\/amororaima.com.br\/index.php\/wp-json\/wp\/v2\/posts\/9932\/revisions\/9935"}],"wp:featuredmedia":[{"embeddable":true,"href":"https:\/\/amororaima.com.br\/index.php\/wp-json\/wp\/v2\/media\/9933"}],"wp:attachment":[{"href":"https:\/\/amororaima.com.br\/index.php\/wp-json\/wp\/v2\/media?parent=9932"}],"wp:term":[{"taxonomy":"category","embeddable":true,"href":"https:\/\/amororaima.com.br\/index.php\/wp-json\/wp\/v2\/categories?post=9932"},{"taxonomy":"post_tag","embeddable":true,"href":"https:\/\/amororaima.com.br\/index.php\/wp-json\/wp\/v2\/tags?post=9932"}],"curies":[{"name":"wp","href":"https:\/\/api.w.org\/{rel}","templated":true}]}}