{"id":9928,"date":"2026-04-29T12:30:03","date_gmt":"2026-04-29T16:30:03","guid":{"rendered":"https:\/\/amororaima.com.br\/?p=9928"},"modified":"2026-04-29T12:30:03","modified_gmt":"2026-04-29T16:30:03","slug":"reducao-de-perdas-florestais-no-brasil-em-2025-inclui-roraima-entre-estados-com-maior-queda","status":"publish","type":"post","link":"https:\/\/amororaima.com.br\/index.php\/2026\/04\/29\/reducao-de-perdas-florestais-no-brasil-em-2025-inclui-roraima-entre-estados-com-maior-queda\/","title":{"rendered":"Redu\u00e7\u00e3o de perdas florestais no Brasil em 2025 inclui Roraima entre estados com maior queda"},"content":{"rendered":"\n<p>O Brasil registrou queda de 42% na perda de cobertura arb\u00f3rea em florestas tropicais \u00famidas em 2025, totalizando 1,6 milh\u00e3o de hectares, segundo dados divulgados nesta quarta-feira (29) pelo Global Forest Watch, iniciativa do World Resources Institute (WRI). Roraima est\u00e1 entre os estados com maior redu\u00e7\u00e3o.<\/p>\n\n\n\n<p>A diminui\u00e7\u00e3o foi mais expressiva nas perdas que n\u00e3o envolvem inc\u00eandios, como desmatamento, corte raso e morte natural da vegeta\u00e7\u00e3o. Esse tipo de impacto atingiu o menor n\u00edvel desde o in\u00edcio da s\u00e9rie hist\u00f3rica.<\/p>\n\n\n\n<p>\u201cO Brasil diminuiu as perdas n\u00e3o relacionadas a inc\u00eandios em 41%, comparadas a 2024, e atingiu o n\u00edvel mais baixo desde que come\u00e7ou a ser registrado [em 2001]\u201d, afirma Elizabeth Goldman, codiretora do Global Forest Watch.<\/p>\n\n\n\n<p>Roraima, Amazonas, Mato Grosso, Mato Grosso do Sul e Acre concentraram mais de 40% da redu\u00e7\u00e3o observada. O Maranh\u00e3o foi o \u00fanico estado a registrar aumento na perda de cobertura arb\u00f3rea.<\/p>\n\n\n\n<p>O levantamento \u00e9 produzido pelo Laborat\u00f3rio de An\u00e1lise e Descoberta de Terras Globais (Glad), da Universidade de Maryland, com foco em vegeta\u00e7\u00e3o prim\u00e1ria, considerada a mais preservada.<\/p>\n\n\n\n<p>A metodologia inclui n\u00e3o apenas o desmatamento, mas tamb\u00e9m outros dist\u00farbios, diferentemente do sistema oficial brasileiro, o Prodes, que monitora especificamente o desmatamento na Amaz\u00f4nia.<\/p>\n\n\n\n<p>Segundo Elizabeth Goldman, os resultados s\u00e3o compat\u00edveis com os dados do Prodes para o per\u00edodo entre agosto de 2024 e julho de 2025.<\/p>\n\n\n\n<p>\u201cAl\u00e9m das florestas tropicais prim\u00e1rias, pensando em toda a perda arb\u00f3rea, a maioria dos biomas viram uma redu\u00e7\u00e3o, inclusive a Caatinga, que \u00e9 uma regi\u00e3o de florestas secas no Nordeste do Brasil\u201d, destaca.<\/p>\n\n\n\n<p>Para Mirela Sandrini, diretora executiva da WRI Brasil, o resultado decorre de uma mobiliza\u00e7\u00e3o envolvendo diferentes setores. Entre as iniciativas citadas est\u00e3o incentivos fiscais, pagamento por servi\u00e7os ambientais e o Fundo Florestas Tropicais para Sempre (TFFF).<\/p>\n\n\n\n<p>No mundo, a perda de florestas tropicais \u00famidas chegou a 4,3 milh\u00f5es de hectares em 2025, queda de 35% em rela\u00e7\u00e3o ao ano anterior, quando foram registrados 6,7 milh\u00f5es de hectares.<\/p>\n\n\n\n<p>Os inc\u00eandios continuam sendo um dos principais fatores de perda. Nos \u00faltimos tr\u00eas anos, o impacto foi duas vezes maior do que o observado h\u00e1 duas d\u00e9cadas, mantendo n\u00edveis elevados.<\/p>\n\n\n\n<p>Elizabeth Goldman alerta que os n\u00fameros ainda est\u00e3o acima do necess\u00e1rio para cumprir metas globais.<\/p>\n\n\n\n<p>\u201cAlcan\u00e7ar essa meta nos pr\u00f3ximos anos n\u00e3o ser\u00e1 f\u00e1cil porque as florestas est\u00e3o mais vulner\u00e1veis \u00e0s mudan\u00e7as clim\u00e1ticas, e a humanidade continua crescendo e aumentando a sua demanda por combust\u00edveis e alimentos\u201d, conclui.<\/p>\n\n\n\n<p><strong><em>Com informa\u00e7\u00f5es da Ag\u00eancia Brasil<\/em><\/strong><\/p>\n","protected":false},"excerpt":{"rendered":"<p>O Brasil registrou queda de 42% na perda de cobertura arb\u00f3rea em florestas tropicais \u00famidas em 2025, totalizando 1,6 milh\u00e3o de hectares, segundo dados divulgados nesta quarta-feira (29) pelo Global Forest Watch, iniciativa do World Resources Institute (WRI). Roraima est\u00e1 entre os estados com maior redu\u00e7\u00e3o. A diminui\u00e7\u00e3o foi mais expressiva nas perdas que n\u00e3o [&hellip;]<\/p>\n","protected":false},"author":123458,"featured_media":9929,"comment_status":"closed","ping_status":"closed","sticky":false,"template":"","format":"standard","meta":{"footnotes":""},"categories":[19,293,20],"tags":[419,152,5077,5076,5075,1408,4098,1116,93,5073,5074],"class_list":["post-9928","post","type-post","status-publish","format-standard","has-post-thumbnail","hentry","category-brasil","category-meio-ambiente","category-roraima","tag-acre","tag-amazonas","tag-floresta-tropical","tag-glad","tag-global-forest-watch","tag-mato-grosso","tag-mato-grosso-do-sul","tag-prodes","tag-roraima","tag-tfff","tag-wri-brasil"],"_links":{"self":[{"href":"https:\/\/amororaima.com.br\/index.php\/wp-json\/wp\/v2\/posts\/9928","targetHints":{"allow":["GET"]}}],"collection":[{"href":"https:\/\/amororaima.com.br\/index.php\/wp-json\/wp\/v2\/posts"}],"about":[{"href":"https:\/\/amororaima.com.br\/index.php\/wp-json\/wp\/v2\/types\/post"}],"author":[{"embeddable":true,"href":"https:\/\/amororaima.com.br\/index.php\/wp-json\/wp\/v2\/users\/123458"}],"replies":[{"embeddable":true,"href":"https:\/\/amororaima.com.br\/index.php\/wp-json\/wp\/v2\/comments?post=9928"}],"version-history":[{"count":1,"href":"https:\/\/amororaima.com.br\/index.php\/wp-json\/wp\/v2\/posts\/9928\/revisions"}],"predecessor-version":[{"id":9930,"href":"https:\/\/amororaima.com.br\/index.php\/wp-json\/wp\/v2\/posts\/9928\/revisions\/9930"}],"wp:featuredmedia":[{"embeddable":true,"href":"https:\/\/amororaima.com.br\/index.php\/wp-json\/wp\/v2\/media\/9929"}],"wp:attachment":[{"href":"https:\/\/amororaima.com.br\/index.php\/wp-json\/wp\/v2\/media?parent=9928"}],"wp:term":[{"taxonomy":"category","embeddable":true,"href":"https:\/\/amororaima.com.br\/index.php\/wp-json\/wp\/v2\/categories?post=9928"},{"taxonomy":"post_tag","embeddable":true,"href":"https:\/\/amororaima.com.br\/index.php\/wp-json\/wp\/v2\/tags?post=9928"}],"curies":[{"name":"wp","href":"https:\/\/api.w.org\/{rel}","templated":true}]}}