{"id":9922,"date":"2026-04-28T22:52:39","date_gmt":"2026-04-29T02:52:39","guid":{"rendered":"https:\/\/amororaima.com.br\/?p=9922"},"modified":"2026-04-28T22:52:39","modified_gmt":"2026-04-29T02:52:39","slug":"6-votos-a-1-tse-cassa-mandato-de-damiao-e-torna-denarium-inelegivel-por-oito-anos","status":"publish","type":"post","link":"https:\/\/amororaima.com.br\/index.php\/2026\/04\/28\/6-votos-a-1-tse-cassa-mandato-de-damiao-e-torna-denarium-inelegivel-por-oito-anos\/","title":{"rendered":"6 votos a 1: TSE cassa mandato de Dami\u00e3o e torna Denarium ineleg\u00edvel por oito anos"},"content":{"rendered":"\n<p>O Tribunal Superior Eleitoral (TSE) avan\u00e7ou no <a href=\"https:\/\/amororaima.com.br\/index.php\/2026\/04\/24\/processo-sobre-edilson-damiao-e-denarium-volta-a-ser-julgado-no-tse-na-terca-feira-28\/\" target=\"_blank\" rel=\"noreferrer noopener\"><strong>julgamento<\/strong><\/a> que envolve o governo de Roraima e formou maioria, nesta ter\u00e7a-feira (28), para cassar o mandato do atual governador Edilson Dami\u00e3o (Uni\u00e3o Brasil). Na mesma sess\u00e3o, os ministros decidiram por unanimidade tornar ineleg\u00edvel o ex-governador Antonio Denarium (Republicanos) por oito anos.<\/p>\n\n\n\n<p>Denarium renunciou ao cargo em mar\u00e7o para disputar o Senado Federal nas elei\u00e7\u00f5es gerais deste ano. Mesmo assim, os ministros analisaram sua conduta no per\u00edodo eleitoral de 2022, quando ele e Dami\u00e3o foram acusados de abuso de poder pol\u00edtico e econ\u00f4mico.<\/p>\n\n\n\n<p>Apesar do placar j\u00e1 definido entre os sete ministros, o julgamento ainda n\u00e3o foi encerrado. A presidente do TSE, ministra C\u00e1rmen L\u00facia, informou que a proclama\u00e7\u00e3o do resultado ser\u00e1 feita nesta quinta-feira (30), aguardando um voto complementar do ministro Andr\u00e9 Mendon\u00e7a e poss\u00edveis manifesta\u00e7\u00f5es adicionais.<\/p>\n\n\n\n<p><a href=\"https:\/\/amororaima.com.br\/index.php\/2024\/11\/19\/pela-quarta-vez-tribunal-regional-eleitoral-de-roraima-cassa-mandato-de-antonio-denarium\/\" target=\"_blank\" rel=\"noreferrer noopener\"><strong>A origem do caso est\u00e1 no Tribunal Regional Eleitoral de Roraima (TRE-RR), que condenou os dois pol\u00edticos e determinou a realiza\u00e7\u00e3o de uma nova elei\u00e7\u00e3o no estado<\/strong><\/a>. O tribunal tamb\u00e9m havia declarado a inelegibilidade de Denarium.<\/p>\n\n\n\n<p>Segundo o processo, houve uso indevido da m\u00e1quina p\u00fablica durante a campanha eleitoral de 2022, com pr\u00e1ticas vedadas a agentes p\u00fablicos. Entre as irregularidades citadas est\u00e3o a utiliza\u00e7\u00e3o dos programas sociais \u201cCesta da Fam\u00edlia\u201d e \u201cMorar Melhor\u201d com finalidade eleitoral.<\/p>\n\n\n\n<p>O julgamento no TSE come\u00e7ou em 2024 e foi retomado com o <a href=\"https:\/\/amororaima.com.br\/index.php\/2026\/04\/22\/apos-oito-dias-ministra-devolve-ao-tse-processo-sobre-denarium-e-damiao\/\" target=\"_blank\" rel=\"noreferrer noopener\"><strong>voto-vista da ministra Estela Aranha<\/strong><\/a>. Ela se posicionou pela cassa\u00e7\u00e3o de Edilson Dami\u00e3o e considerou prejudicada a cassa\u00e7\u00e3o de Denarium devido \u00e0 ren\u00fancia, mantendo, por\u00e9m, a inelegibilidade.<\/p>\n\n\n\n<p>A maioria foi consolidada com o voto do ministro Ant\u00f4nio Carlos Ferreira, que acompanhou a cassa\u00e7\u00e3o de Dami\u00e3o e manteve a condena\u00e7\u00e3o de Denarium por abuso de poder pol\u00edtico. Tamb\u00e9m votaram nesse sentido os ministros Floriano de Azevedo Marques e a ministra C\u00e1rmen L\u00facia.<\/p>\n\n\n\n<p>Mesmo com a maioria pela cassa\u00e7\u00e3o do atual governador, os ministros afastaram a inelegibilidade de Edilson Dami\u00e3o. Dessa forma, a decis\u00e3o limita os efeitos \u00e0 perda do mandato e \u00e0 possibilidade de convoca\u00e7\u00e3o de uma nova elei\u00e7\u00e3o.<\/p>\n\n\n\n<p>A eventual cassa\u00e7\u00e3o pode gerar uma vac\u00e2ncia de natureza eleitoral no governo de Roraima, o que indicaria a realiza\u00e7\u00e3o de elei\u00e7\u00e3o direta. No entanto, integrantes da Corte apontam d\u00favidas sobre a viabilidade dessa medida, considerando o calend\u00e1rio eleitoral e quest\u00f5es operacionais.<\/p>\n\n\n\n<p>O caso tamb\u00e9m \u00e9 acompanhado com cautela pelo TSE para evitar conflitos semelhantes ao ocorrido com o Supremo Tribunal Federal (STF) no julgamento envolvendo o ex-governador do Rio de Janeiro Cl\u00e1udio Castro (PL).<\/p>\n\n\n\n<p>Durante a vota\u00e7\u00e3o, os ministros detalharam seus entendimentos. Estela Aranha afirmou que mantinha a cassa\u00e7\u00e3o do diploma de Denarium, enquanto Ant\u00f4nio Carlos Ferreira considerou prejudicadas tanto a cassa\u00e7\u00e3o do mandato quanto a do diploma.<\/p>\n\n\n\n<p>Dami\u00e3o deve seguir no cargo at\u00e9 quinta. A possibilidade, caso seja mantido o entendimento do TSE, \u00e9 de haver novas elei\u00e7\u00f5es. Enquanto isso, o presidente da Assembleia Legislativa de Roraima (ALERR), Soldado Sampaio (Republicanos), assume interinamente o governo do estado.<\/p>\n\n\n\n<p><strong><em>Com informa\u00e7\u00f5es de O Globo<\/em><\/strong><\/p>\n","protected":false},"excerpt":{"rendered":"<p>O Tribunal Superior Eleitoral (TSE) avan\u00e7ou no julgamento que envolve o governo de Roraima e formou maioria, nesta ter\u00e7a-feira (28), para cassar o mandato do atual governador Edilson Dami\u00e3o (Uni\u00e3o Brasil). Na mesma sess\u00e3o, os ministros decidiram por unanimidade tornar ineleg\u00edvel o ex-governador Antonio Denarium (Republicanos) por oito anos. Denarium renunciou ao cargo em mar\u00e7o [&hellip;]<\/p>\n","protected":false},"author":123458,"featured_media":9923,"comment_status":"closed","ping_status":"closed","sticky":false,"template":"","format":"standard","meta":{"footnotes":""},"categories":[19,31,20],"tags":[289,3003,90,290,358,338,3108,233,269],"class_list":["post-9922","post","type-post","status-publish","format-standard","has-post-thumbnail","hentry","category-brasil","category-politica","category-roraima","tag-abuso-de-poder","tag-alerr","tag-antonio-denarium","tag-cassacao","tag-edilson-damiao","tag-eleicoes-2022","tag-inelegibilidade","tag-tre-rr","tag-tse"],"_links":{"self":[{"href":"https:\/\/amororaima.com.br\/index.php\/wp-json\/wp\/v2\/posts\/9922","targetHints":{"allow":["GET"]}}],"collection":[{"href":"https:\/\/amororaima.com.br\/index.php\/wp-json\/wp\/v2\/posts"}],"about":[{"href":"https:\/\/amororaima.com.br\/index.php\/wp-json\/wp\/v2\/types\/post"}],"author":[{"embeddable":true,"href":"https:\/\/amororaima.com.br\/index.php\/wp-json\/wp\/v2\/users\/123458"}],"replies":[{"embeddable":true,"href":"https:\/\/amororaima.com.br\/index.php\/wp-json\/wp\/v2\/comments?post=9922"}],"version-history":[{"count":2,"href":"https:\/\/amororaima.com.br\/index.php\/wp-json\/wp\/v2\/posts\/9922\/revisions"}],"predecessor-version":[{"id":9925,"href":"https:\/\/amororaima.com.br\/index.php\/wp-json\/wp\/v2\/posts\/9922\/revisions\/9925"}],"wp:featuredmedia":[{"embeddable":true,"href":"https:\/\/amororaima.com.br\/index.php\/wp-json\/wp\/v2\/media\/9923"}],"wp:attachment":[{"href":"https:\/\/amororaima.com.br\/index.php\/wp-json\/wp\/v2\/media?parent=9922"}],"wp:term":[{"taxonomy":"category","embeddable":true,"href":"https:\/\/amororaima.com.br\/index.php\/wp-json\/wp\/v2\/categories?post=9922"},{"taxonomy":"post_tag","embeddable":true,"href":"https:\/\/amororaima.com.br\/index.php\/wp-json\/wp\/v2\/tags?post=9922"}],"curies":[{"name":"wp","href":"https:\/\/api.w.org\/{rel}","templated":true}]}}