{"id":9915,"date":"2026-04-28T15:39:43","date_gmt":"2026-04-28T19:39:43","guid":{"rendered":"https:\/\/amororaima.com.br\/?p=9915"},"modified":"2026-04-28T15:42:37","modified_gmt":"2026-04-28T19:42:37","slug":"advocacia-geral-da-uniao-firma-acordo-e-roraima-deve-receber-r-115-milhoes-por-despesas-com-migracao-de-venezuelanos","status":"publish","type":"post","link":"https:\/\/amororaima.com.br\/index.php\/2026\/04\/28\/advocacia-geral-da-uniao-firma-acordo-e-roraima-deve-receber-r-115-milhoes-por-despesas-com-migracao-de-venezuelanos\/","title":{"rendered":"Advocacia-Geral da Uni\u00e3o firma acordo e Roraima deve receber R$ 115 milh\u00f5es por despesas com migra\u00e7\u00e3o de venezuelanos"},"content":{"rendered":"\n<p>Um <a href=\"https:\/\/amororaima.com.br\/index.php\/2026\/04\/23\/audiencia-no-stf-aponta-homologacao-de-acordo-para-repasse-de-r-115-milhoes-a-roraima-por-impacto-da-migracao\/\" target=\"_blank\" rel=\"noreferrer noopener\"><strong>acordo de R$ 115 milh\u00f5es<\/strong><\/a> firmado, nesta segunda-feira (27), pela Advocacia-Geral da Uni\u00e3o (AGU) vai encerrar uma a\u00e7\u00e3o que tramitava desde 2018 no Supremo Tribunal Federal (STF) e garantir repasses a Roraima com o objetivo de reduzir os impactos da migra\u00e7\u00e3o de venezuelanos no estado.<\/p>\n\n\n\n<p>Os valores ser\u00e3o distribu\u00eddos em quatro eixos: R$ 36 milh\u00f5es para sa\u00fade, R$ 10 milh\u00f5es para educa\u00e7\u00e3o, R$ 63 milh\u00f5es para seguran\u00e7a p\u00fablica e R$ 6 milh\u00f5es para o sistema prisional.<\/p>\n\n\n\n<p>A assinatura ocorreu em Bras\u00edlia, com participa\u00e7\u00e3o do governador de Roraima, Edilson Dami\u00e3o (Uni\u00e3o Brasil), do senador Dr. Hiran (Progressistas-RR), al\u00e9m de representantes da AGU, da Procuradoria do Estado e de minist\u00e9rios.<\/p>\n\n\n\n<p>Os recursos ser\u00e3o transferidos diretamente ao estado, em contas espec\u00edficas para cada \u00e1rea. O monitoramento ficar\u00e1 a cargo da Controladoria-Geral da Uni\u00e3o (CGU), Tribunal de Contas da Uni\u00e3o (TCU), Tribunal de Contas de Roraima (TCERR), Minist\u00e9rio P\u00fablico Federal (MPF) e Minist\u00e9rio P\u00fablico de Roraima (MPRR).<\/p>\n\n\n\n<p>Flavio Roman, advogado-geral da Uni\u00e3o substituto, afirmou que o acordo reconhece a dimens\u00e3o dos impactos locais. \u201cOs valores n\u00e3o s\u00e3o apenas uma cifra cont\u00e1bil\u201d, declarou.<\/p>\n\n\n\n<p>Ele acrescentou que a situa\u00e7\u00e3o exige responsabilidade conjunta entre Uni\u00e3o e estados. \u201cDeve ser enfrentado de maneira compartilhada, solid\u00e1ria e respons\u00e1vel pela federa\u00e7\u00e3o\u201d, disse.<\/p>\n\n\n\n<p>Isadora Cartaxo, da AGU, afirmou que o desfecho representa seguran\u00e7a jur\u00eddica e coopera\u00e7\u00e3o institucional.<\/p>\n\n\n\n<p>A crise migrat\u00f3ria venezuelana tem afetado diretamente servi\u00e7os p\u00fablicos em Roraima desde 2017, com entrada principal pelo munic\u00edpio de Pacaraima.<\/p>\n","protected":false},"excerpt":{"rendered":"<p>Um acordo de R$ 115 milh\u00f5es firmado, nesta segunda-feira (27), pela Advocacia-Geral da Uni\u00e3o (AGU) vai encerrar uma a\u00e7\u00e3o que tramitava desde 2018 no Supremo Tribunal Federal (STF) e garantir repasses a Roraima com o objetivo de reduzir os impactos da migra\u00e7\u00e3o de venezuelanos no estado. Os valores ser\u00e3o distribu\u00eddos em quatro eixos: R$ 36 [&hellip;]<\/p>\n","protected":false},"author":123458,"featured_media":9916,"comment_status":"closed","ping_status":"closed","sticky":false,"template":"","format":"standard","meta":{"footnotes":""},"categories":[19,31,20],"tags":[353,167,78,1069,324,372,128,168,171,368,93,41,219,286,53,839,320,185],"class_list":["post-9915","post","type-post","status-publish","format-standard","has-post-thumbnail","hentry","category-brasil","category-politica","category-roraima","tag-agu","tag-cgu","tag-educacao","tag-migracao","tag-ministerio-da-educacao","tag-ministerio-da-justica","tag-ministerio-da-saude","tag-ministerio-dos-direitos-humanos","tag-mpf","tag-mprr","tag-roraima","tag-saude","tag-seguranca-publica","tag-sistema-prisional","tag-stf","tag-tcerr","tag-tcu","tag-venezuelanos"],"_links":{"self":[{"href":"https:\/\/amororaima.com.br\/index.php\/wp-json\/wp\/v2\/posts\/9915","targetHints":{"allow":["GET"]}}],"collection":[{"href":"https:\/\/amororaima.com.br\/index.php\/wp-json\/wp\/v2\/posts"}],"about":[{"href":"https:\/\/amororaima.com.br\/index.php\/wp-json\/wp\/v2\/types\/post"}],"author":[{"embeddable":true,"href":"https:\/\/amororaima.com.br\/index.php\/wp-json\/wp\/v2\/users\/123458"}],"replies":[{"embeddable":true,"href":"https:\/\/amororaima.com.br\/index.php\/wp-json\/wp\/v2\/comments?post=9915"}],"version-history":[{"count":3,"href":"https:\/\/amororaima.com.br\/index.php\/wp-json\/wp\/v2\/posts\/9915\/revisions"}],"predecessor-version":[{"id":9920,"href":"https:\/\/amororaima.com.br\/index.php\/wp-json\/wp\/v2\/posts\/9915\/revisions\/9920"}],"wp:featuredmedia":[{"embeddable":true,"href":"https:\/\/amororaima.com.br\/index.php\/wp-json\/wp\/v2\/media\/9916"}],"wp:attachment":[{"href":"https:\/\/amororaima.com.br\/index.php\/wp-json\/wp\/v2\/media?parent=9915"}],"wp:term":[{"taxonomy":"category","embeddable":true,"href":"https:\/\/amororaima.com.br\/index.php\/wp-json\/wp\/v2\/categories?post=9915"},{"taxonomy":"post_tag","embeddable":true,"href":"https:\/\/amororaima.com.br\/index.php\/wp-json\/wp\/v2\/tags?post=9915"}],"curies":[{"name":"wp","href":"https:\/\/api.w.org\/{rel}","templated":true}]}}