{"id":9911,"date":"2026-04-28T13:09:36","date_gmt":"2026-04-28T17:09:36","guid":{"rendered":"https:\/\/amororaima.com.br\/?p=9911"},"modified":"2026-04-28T13:09:36","modified_gmt":"2026-04-28T17:09:36","slug":"mprr-cobra-melhorias-em-abastecimento-de-agua-e-saneamento-em-cinco-escolas-estaduais-por-meio-de-tacs","status":"publish","type":"post","link":"https:\/\/amororaima.com.br\/index.php\/2026\/04\/28\/mprr-cobra-melhorias-em-abastecimento-de-agua-e-saneamento-em-cinco-escolas-estaduais-por-meio-de-tacs\/","title":{"rendered":"MPRR cobra melhorias em abastecimento de \u00e1gua e saneamento em cinco escolas estaduais por meio de TACs"},"content":{"rendered":"\n<p>O Minist\u00e9rio P\u00fablico de Roraima (MPRR) firmou termos de ajustamento de conduta (TACs) com a Secretaria de Estado da Educa\u00e7\u00e3o e Desportos (Seed) para garantir melhorias no abastecimento de \u00e1gua e nas condi\u00e7\u00f5es sanit\u00e1rias de cinco escolas em Boa Vista e Cant\u00e1.<\/p>\n\n\n\n<p>Os acordos foram assinados pela promotora \u00c9rika Michetti e pelo secret\u00e1rio Mikael Wallas Cunha Cury-Rad, e publicados no Di\u00e1rio Eletr\u00f4nico do MPRR nesta segunda-feira (27).<\/p>\n\n\n\n<p>Os TACs estabelecem que o estado deve implementar, em at\u00e9 dez meses, um plano de adequa\u00e7\u00e3o da infraestrutura h\u00eddrica e sanit\u00e1ria das unidades escolares.<\/p>\n\n\n\n<p>As escolas atendidas s\u00e3o Dion\u00edsio Figueiredo, Pireka, Augusto Pinto, Atan\u00e1zio Mota e Paulo Augusto Silva.<\/p>\n\n\n\n<p>Entre as medidas previstas est\u00e3o melhorias nos sistemas de abastecimento de \u00e1gua, banheiros e bebedouros, al\u00e9m da regulariza\u00e7\u00e3o da rede de esgoto da Escola Estadual Ind\u00edgena Augusto Pinto.<\/p>\n\n\n\n<p>Os acordos s\u00e3o resultado de inspe\u00e7\u00f5es realizadas no \u00e2mbito do projeto \u201cSede de Aprender\u201d, do Conselho Nacional do Minist\u00e9rio P\u00fablico (CNMP).<\/p>\n\n\n\n<p>As visitas t\u00e9cnicas avaliaram o acesso \u00e0 \u00e1gua pot\u00e1vel e as condi\u00e7\u00f5es sanit\u00e1rias das escolas.<\/p>\n\n\n\n<p>Foram identificadas falhas estruturais, incluindo uso de \u00e1gua sem tratamento adequado para consumo.<\/p>\n\n\n\n<p>A promotora \u00c9rika Michetti destacou a import\u00e2ncia das interven\u00e7\u00f5es.<\/p>\n\n\n\n<p>\u201cO acesso \u00e0 \u00e1gua pot\u00e1vel e a estruturas sanit\u00e1rias adequadas \u00e9 essencial para a sa\u00fade e para o processo de ensino e aprendizagem. As irregularidades constatadas evidenciam a necessidade de interven\u00e7\u00f5es estruturais urgentes, raz\u00e3o pela qual foram firmados os TACs, como instrumento para assegurar a efetiva adequa\u00e7\u00e3o dessas unidades escolares.\u201d<\/p>\n\n\n\n<p>O descumprimento dos acordos prev\u00ea multa civil di\u00e1ria de R$ 5 mil.<\/p>\n","protected":false},"excerpt":{"rendered":"<p>O Minist\u00e9rio P\u00fablico de Roraima (MPRR) firmou termos de ajustamento de conduta (TACs) com a Secretaria de Estado da Educa\u00e7\u00e3o e Desportos (Seed) para garantir melhorias no abastecimento de \u00e1gua e nas condi\u00e7\u00f5es sanit\u00e1rias de cinco escolas em Boa Vista e Cant\u00e1. Os acordos foram assinados pela promotora \u00c9rika Michetti e pelo secret\u00e1rio Mikael Wallas [&hellip;]<\/p>\n","protected":false},"author":123458,"featured_media":9912,"comment_status":"closed","ping_status":"closed","sticky":false,"template":"","format":"standard","meta":{"footnotes":""},"categories":[29,20],"tags":[5072,1304,111,122,1749,1619,340,368,93,235,1603,1016],"class_list":["post-9911","post","type-post","status-publish","format-standard","has-post-thumbnail","hentry","category-educacao","category-roraima","tag-sede-de-aprender","tag-agua-potavel","tag-boa-vista","tag-canta","tag-cnmp","tag-escolas-estaduais","tag-indigenas","tag-mprr","tag-roraima","tag-seed","tag-tac","tag-zona-rural"],"_links":{"self":[{"href":"https:\/\/amororaima.com.br\/index.php\/wp-json\/wp\/v2\/posts\/9911","targetHints":{"allow":["GET"]}}],"collection":[{"href":"https:\/\/amororaima.com.br\/index.php\/wp-json\/wp\/v2\/posts"}],"about":[{"href":"https:\/\/amororaima.com.br\/index.php\/wp-json\/wp\/v2\/types\/post"}],"author":[{"embeddable":true,"href":"https:\/\/amororaima.com.br\/index.php\/wp-json\/wp\/v2\/users\/123458"}],"replies":[{"embeddable":true,"href":"https:\/\/amororaima.com.br\/index.php\/wp-json\/wp\/v2\/comments?post=9911"}],"version-history":[{"count":1,"href":"https:\/\/amororaima.com.br\/index.php\/wp-json\/wp\/v2\/posts\/9911\/revisions"}],"predecessor-version":[{"id":9913,"href":"https:\/\/amororaima.com.br\/index.php\/wp-json\/wp\/v2\/posts\/9911\/revisions\/9913"}],"wp:featuredmedia":[{"embeddable":true,"href":"https:\/\/amororaima.com.br\/index.php\/wp-json\/wp\/v2\/media\/9912"}],"wp:attachment":[{"href":"https:\/\/amororaima.com.br\/index.php\/wp-json\/wp\/v2\/media?parent=9911"}],"wp:term":[{"taxonomy":"category","embeddable":true,"href":"https:\/\/amororaima.com.br\/index.php\/wp-json\/wp\/v2\/categories?post=9911"},{"taxonomy":"post_tag","embeddable":true,"href":"https:\/\/amororaima.com.br\/index.php\/wp-json\/wp\/v2\/tags?post=9911"}],"curies":[{"name":"wp","href":"https:\/\/api.w.org\/{rel}","templated":true}]}}