{"id":9896,"date":"2026-04-27T12:28:42","date_gmt":"2026-04-27T16:28:42","guid":{"rendered":"https:\/\/amororaima.com.br\/?p=9896"},"modified":"2026-04-27T12:28:42","modified_gmt":"2026-04-27T16:28:42","slug":"interceptacao-da-prf-resulta-na-prisao-de-tres-suspeitos-por-migracao-ilegal-de-20-cubanos-em-boa-vista","status":"publish","type":"post","link":"https:\/\/amororaima.com.br\/index.php\/2026\/04\/27\/interceptacao-da-prf-resulta-na-prisao-de-tres-suspeitos-por-migracao-ilegal-de-20-cubanos-em-boa-vista\/","title":{"rendered":"Intercepta\u00e7\u00e3o da PRF resulta na pris\u00e3o de tr\u00eas suspeitos por migra\u00e7\u00e3o ilegal de 20 cubanos em Boa Vista"},"content":{"rendered":"\n<p>Tr\u00eas homens foram presos neste domingo (26) pela Pol\u00edcia Rodovi\u00e1ria Federal (PRF) durante uma abordagem na BR-401, em Boa Vista, por envolvimento no transporte ilegal de migrantes. As informa\u00e7\u00f5es foram divulgadas nesta segunda-feira (27).<\/p>\n\n\n\n<p>A ocorr\u00eancia foi registrada no km 13 da rodovia federal, onde os agentes identificaram tr\u00eas ve\u00edculos que trafegavam em comboio.<\/p>\n\n\n\n<p>Durante a fiscaliza\u00e7\u00e3o, um dos motoristas tentou fugir ap\u00f3s receber ordem de parada, mas n\u00e3o conseguiu devido ao tr\u00e1fego intenso e foi conduzido at\u00e9 o local onde estavam os demais ve\u00edculos.<\/p>\n\n\n\n<p>Na inspe\u00e7\u00e3o, os policiais localizaram 20 migrantes cubanos sem a documenta\u00e7\u00e3o necess\u00e1ria para migra\u00e7\u00e3o.<\/p>\n\n\n\n<p>Os tr\u00eas condutores, de 18, 24 e 55 anos, foram identificados como pai, filho e sobrinho, todos oriundos do munic\u00edpio de Bonfim, na fronteira com a Guiana.<\/p>\n\n\n\n<p>Segundo a PRF, a pr\u00e1tica tem sido recorrente na regi\u00e3o de fronteira, sendo realizada por pessoas conhecidas como \u201ccoiotes\u201d.<\/p>\n\n\n\n<p>Ap\u00f3s o flagrante, os suspeitos e os migrantes foram encaminhados \u00e0 sede da Pol\u00edcia Federal, em Boa Vista.<\/p>\n\n\n\n<p>A corpora\u00e7\u00e3o informou que os migrantes receberam apoio humanit\u00e1rio.<\/p>\n\n\n\n<p>O crime de promo\u00e7\u00e3o de migra\u00e7\u00e3o ilegal est\u00e1 previsto no C\u00f3digo Penal Brasileiro (CPB), no artigo 232-A, com pena de 2 a 5 anos de pris\u00e3o.<\/p>\n\n\n\n<p>De acordo com a legisla\u00e7\u00e3o, a pr\u00e1tica envolve obten\u00e7\u00e3o de vantagem econ\u00f4mica para facilitar o transporte de migrantes.<\/p>\n\n\n\n<p>A PRF tamb\u00e9m alertou que a pr\u00e1tica pode evoluir para crimes como tr\u00e1fico de pessoas, quando h\u00e1 explora\u00e7\u00e3o dos indiv\u00edduos.<\/p>\n","protected":false},"excerpt":{"rendered":"<p>Tr\u00eas homens foram presos neste domingo (26) pela Pol\u00edcia Rodovi\u00e1ria Federal (PRF) durante uma abordagem na BR-401, em Boa Vista, por envolvimento no transporte ilegal de migrantes. As informa\u00e7\u00f5es foram divulgadas nesta segunda-feira (27). A ocorr\u00eancia foi registrada no km 13 da rodovia federal, onde os agentes identificaram tr\u00eas ve\u00edculos que trafegavam em comboio. Durante [&hellip;]<\/p>\n","protected":false},"author":123458,"featured_media":9897,"comment_status":"closed","ping_status":"closed","sticky":false,"template":"","format":"standard","meta":{"footnotes":""},"categories":[19,34,20],"tags":[111,633,1280,968,3536,1438,794,389,114,93],"class_list":["post-9896","post","type-post","status-publish","format-standard","has-post-thumbnail","hentry","category-brasil","category-policia","category-roraima","tag-boa-vista","tag-bonfim","tag-br-401","tag-coiotes","tag-cpb","tag-cubanos","tag-guiana","tag-migracao-ilegal","tag-prf","tag-roraima"],"_links":{"self":[{"href":"https:\/\/amororaima.com.br\/index.php\/wp-json\/wp\/v2\/posts\/9896","targetHints":{"allow":["GET"]}}],"collection":[{"href":"https:\/\/amororaima.com.br\/index.php\/wp-json\/wp\/v2\/posts"}],"about":[{"href":"https:\/\/amororaima.com.br\/index.php\/wp-json\/wp\/v2\/types\/post"}],"author":[{"embeddable":true,"href":"https:\/\/amororaima.com.br\/index.php\/wp-json\/wp\/v2\/users\/123458"}],"replies":[{"embeddable":true,"href":"https:\/\/amororaima.com.br\/index.php\/wp-json\/wp\/v2\/comments?post=9896"}],"version-history":[{"count":1,"href":"https:\/\/amororaima.com.br\/index.php\/wp-json\/wp\/v2\/posts\/9896\/revisions"}],"predecessor-version":[{"id":9898,"href":"https:\/\/amororaima.com.br\/index.php\/wp-json\/wp\/v2\/posts\/9896\/revisions\/9898"}],"wp:featuredmedia":[{"embeddable":true,"href":"https:\/\/amororaima.com.br\/index.php\/wp-json\/wp\/v2\/media\/9897"}],"wp:attachment":[{"href":"https:\/\/amororaima.com.br\/index.php\/wp-json\/wp\/v2\/media?parent=9896"}],"wp:term":[{"taxonomy":"category","embeddable":true,"href":"https:\/\/amororaima.com.br\/index.php\/wp-json\/wp\/v2\/categories?post=9896"},{"taxonomy":"post_tag","embeddable":true,"href":"https:\/\/amororaima.com.br\/index.php\/wp-json\/wp\/v2\/tags?post=9896"}],"curies":[{"name":"wp","href":"https:\/\/api.w.org\/{rel}","templated":true}]}}