{"id":9893,"date":"2026-04-27T11:57:57","date_gmt":"2026-04-27T15:57:57","guid":{"rendered":"https:\/\/amororaima.com.br\/?p=9893"},"modified":"2026-04-27T11:57:57","modified_gmt":"2026-04-27T15:57:57","slug":"roraima-tem-aumento-na-conta-de-energia-em-maio-com-cobranca-extra-de-r-1885-a-cada-100-kwh","status":"publish","type":"post","link":"https:\/\/amororaima.com.br\/index.php\/2026\/04\/27\/roraima-tem-aumento-na-conta-de-energia-em-maio-com-cobranca-extra-de-r-1885-a-cada-100-kwh\/","title":{"rendered":"Roraima tem aumento na conta de energia em maio com cobran\u00e7a extra de R$ 1,885 a cada 100 kWh"},"content":{"rendered":"\n<p>A conta de energia el\u00e9trica em Roraima ter\u00e1 um acr\u00e9scimo a partir de maio com a aplica\u00e7\u00e3o da bandeira tarif\u00e1ria amarela. A cobran\u00e7a adicional ser\u00e1 de R$ 1,885 a cada 100 quilowatt-hora (kWh) consumidos, conforme defini\u00e7\u00e3o da Ag\u00eancia Nacional de Energia El\u00e9trica (Aneel).<\/p>\n\n\n\n<p>A medida representa a primeira aplica\u00e7\u00e3o do sistema de bandeiras no estado desde a integra\u00e7\u00e3o ao Sistema Interligado Nacional (SIN), ocorrida em janeiro deste ano.<\/p>\n\n\n\n<p>O acionamento da bandeira amarela foi motivado pela redu\u00e7\u00e3o das chuvas, que compromete a gera\u00e7\u00e3o de energia hidrel\u00e9trica e aumenta a necessidade de uso de usinas termel\u00e9tricas, que t\u00eam custo mais alto.<\/p>\n\n\n\n<p>Desde a integra\u00e7\u00e3o ao sistema nacional, cerca de 213 mil unidades consumidoras passaram a enfrentar aumento nas tarifas de energia el\u00e9trica em Roraima.<\/p>\n\n\n\n<p><a href=\"https:\/\/amororaima.com.br\/index.php\/2026\/01\/21\/aneel-autoriza-aumento-medio-de-2413-nas-tarifas-da-roraima-energia\/\" target=\"_blank\" rel=\"noreferrer noopener\"><strong>O reajuste m\u00e9dio foi de 24,13% em compara\u00e7\u00e3o com 2025<\/strong><\/a>, com impacto maior para consumidores de alta tens\u00e3o.<\/p>\n\n\n\n<p>Nesse grupo, o aumento chegou a 28,93%, enquanto os consumidores de baixa tens\u00e3o tiveram reajuste de 22,90%.<\/p>\n\n\n\n<p>A Aneel alertou que novas press\u00f5es tarif\u00e1rias podem ocorrer ao longo do ano, especialmente em raz\u00e3o do fen\u00f4meno El Ni\u00f1o.<\/p>\n\n\n\n<p>A previs\u00e3o \u00e9 que o fen\u00f4meno reduza o volume de chuvas na Regi\u00e3o Norte no segundo semestre, o que pode afetar novamente a gera\u00e7\u00e3o de energia.<\/p>\n\n\n\n<p>O sistema de bandeiras tarif\u00e1rias funciona como um indicativo mensal dos custos de gera\u00e7\u00e3o, informando quando h\u00e1 aumento nas despesas do setor el\u00e9trico.<\/p>\n\n\n\n<p>Quando h\u00e1 necessidade de acionar usinas mais caras, como as termel\u00e9tricas, o custo adicional \u00e9 repassado ao consumidor.<\/p>\n\n\n\n<p><strong><em>Com informa\u00e7\u00f5es de ac24horas<\/em><\/strong><\/p>\n","protected":false},"excerpt":{"rendered":"<p>A conta de energia el\u00e9trica em Roraima ter\u00e1 um acr\u00e9scimo a partir de maio com a aplica\u00e7\u00e3o da bandeira tarif\u00e1ria amarela. A cobran\u00e7a adicional ser\u00e1 de R$ 1,885 a cada 100 quilowatt-hora (kWh) consumidos, conforme defini\u00e7\u00e3o da Ag\u00eancia Nacional de Energia El\u00e9trica (Aneel). A medida representa a primeira aplica\u00e7\u00e3o do sistema de bandeiras no estado [&hellip;]<\/p>\n","protected":false},"author":123458,"featured_media":9894,"comment_status":"closed","ping_status":"closed","sticky":false,"template":"","format":"standard","meta":{"footnotes":""},"categories":[26,20],"tags":[475,596,111,856,1752,408,117,93,113,5063],"class_list":["post-9893","post","type-post","status-publish","format-standard","has-post-thumbnail","hentry","category-economia","category-roraima","tag-aneel","tag-bandeira-tarifaria","tag-boa-vista","tag-el-nino","tag-energia","tag-hidreletrica","tag-regiao-norte","tag-roraima","tag-sin","tag-termeletrica"],"_links":{"self":[{"href":"https:\/\/amororaima.com.br\/index.php\/wp-json\/wp\/v2\/posts\/9893","targetHints":{"allow":["GET"]}}],"collection":[{"href":"https:\/\/amororaima.com.br\/index.php\/wp-json\/wp\/v2\/posts"}],"about":[{"href":"https:\/\/amororaima.com.br\/index.php\/wp-json\/wp\/v2\/types\/post"}],"author":[{"embeddable":true,"href":"https:\/\/amororaima.com.br\/index.php\/wp-json\/wp\/v2\/users\/123458"}],"replies":[{"embeddable":true,"href":"https:\/\/amororaima.com.br\/index.php\/wp-json\/wp\/v2\/comments?post=9893"}],"version-history":[{"count":1,"href":"https:\/\/amororaima.com.br\/index.php\/wp-json\/wp\/v2\/posts\/9893\/revisions"}],"predecessor-version":[{"id":9895,"href":"https:\/\/amororaima.com.br\/index.php\/wp-json\/wp\/v2\/posts\/9893\/revisions\/9895"}],"wp:featuredmedia":[{"embeddable":true,"href":"https:\/\/amororaima.com.br\/index.php\/wp-json\/wp\/v2\/media\/9894"}],"wp:attachment":[{"href":"https:\/\/amororaima.com.br\/index.php\/wp-json\/wp\/v2\/media?parent=9893"}],"wp:term":[{"taxonomy":"category","embeddable":true,"href":"https:\/\/amororaima.com.br\/index.php\/wp-json\/wp\/v2\/categories?post=9893"},{"taxonomy":"post_tag","embeddable":true,"href":"https:\/\/amororaima.com.br\/index.php\/wp-json\/wp\/v2\/tags?post=9893"}],"curies":[{"name":"wp","href":"https:\/\/api.w.org\/{rel}","templated":true}]}}