{"id":9886,"date":"2026-04-27T11:16:01","date_gmt":"2026-04-27T15:16:01","guid":{"rendered":"https:\/\/amororaima.com.br\/?p=9886"},"modified":"2026-04-27T11:16:01","modified_gmt":"2026-04-27T15:16:01","slug":"mprr-recomenda-a-secretaria-regularizacao-de-servicos-odontologicos-apos-apontar-falhas-na-execucao-de-politicas-publicas","status":"publish","type":"post","link":"https:\/\/amororaima.com.br\/index.php\/2026\/04\/27\/mprr-recomenda-a-secretaria-regularizacao-de-servicos-odontologicos-apos-apontar-falhas-na-execucao-de-politicas-publicas\/","title":{"rendered":"MPRR recomenda \u00e0 secretaria regulariza\u00e7\u00e3o de servi\u00e7os odontol\u00f3gicos ap\u00f3s apontar falhas na execu\u00e7\u00e3o de pol\u00edticas p\u00fablicas"},"content":{"rendered":"\n<p>O Minist\u00e9rio P\u00fablico do Estado de Roraima (MPRR) recomendou \u00e0 Secretaria Municipal de Sa\u00fade de Boa Vista (SMSA) a ado\u00e7\u00e3o de medidas para regularizar os servi\u00e7os odontol\u00f3gicos ap\u00f3s apontar falhas na execu\u00e7\u00e3o das pol\u00edticas p\u00fablicas, mesmo com o recebimento de recursos federais. A recomenda\u00e7\u00e3o foi expedida na quinta-feira (23).<\/p>\n\n\n\n<p>De acordo com levantamento da Promotoria de Justi\u00e7a de Defesa da Sa\u00fade, o munic\u00edpio recebeu aproximadamente R$ 4,9 milh\u00f5es em 2024 e R$ 3,7 milh\u00f5es em 2025 para custear os servi\u00e7os odontol\u00f3gicos.<\/p>\n\n\n\n<p>Apesar dos valores, a apura\u00e7\u00e3o identificou inconsist\u00eancias na cobertura da rede, o que motivou a interven\u00e7\u00e3o do Minist\u00e9rio P\u00fablico.<\/p>\n\n\n\n<p>Segundo os dados analisados, o Minist\u00e9rio da Sa\u00fade repassa recursos para manuten\u00e7\u00e3o de 52 equipes de sa\u00fade bucal, al\u00e9m de um Centro de Especialidades Odontol\u00f3gicas (CEO) tipo 2 e um Laborat\u00f3rio Regional de Pr\u00f3tese Dent\u00e1ria (LRPD).<\/p>\n\n\n\n<p>No entanto, Boa Vista conta atualmente com apenas 49 equipes em funcionamento, deixando 11 Unidades B\u00e1sicas de Sa\u00fade (UBS) sem atendimento odontol\u00f3gico.<\/p>\n\n\n\n<p>Outro ponto destacado \u00e9 que o LRPD ainda n\u00e3o foi implantado e segue em fase de avalia\u00e7\u00e3o t\u00e9cnica.<\/p>\n\n\n\n<p>A recomenda\u00e7\u00e3o do MPRR determina que a secretaria corrija as irregularidades e adote provid\u00eancias para ampliar a cobertura dos servi\u00e7os.<\/p>\n\n\n\n<p>O \u00f3rg\u00e3o estabeleceu prazo de 30 dias para que seja apresentado um relat\u00f3rio detalhado com as a\u00e7\u00f5es iniciais adotadas para o cumprimento da recomenda\u00e7\u00e3o.<\/p>\n\n\n\n<p>O promotor de Justi\u00e7a Igor Naves afirmou que a medida busca garantir o acesso da popula\u00e7\u00e3o aos servi\u00e7os b\u00e1sicos de sa\u00fade.<\/p>\n\n\n\n<p>\u201cOs servi\u00e7os de sa\u00fade bucal integram a aten\u00e7\u00e3o b\u00e1sica e devem ser ofertados de forma cont\u00ednua e adequada \u00e0 popula\u00e7\u00e3o. A recomenda\u00e7\u00e3o visa assegurar que os recursos p\u00fablicos destinados \u00e0 \u00e1rea sejam efetivamente aplicados, com a amplia\u00e7\u00e3o das equipes e a implanta\u00e7\u00e3o dos servi\u00e7os ainda pendentes, garantindo acesso universal e igualit\u00e1rio, conforme previsto na Constitui\u00e7\u00e3o\u201d, disse.<\/p>\n\n\n\n<p>A recomenda\u00e7\u00e3o foi emitida ap\u00f3s procedimento instaurado para acompanhar a execu\u00e7\u00e3o do Programa Brasil Sorridente no munic\u00edpio.<\/p>\n\n\n\n<p>O MPRR informou que, caso as medidas n\u00e3o sejam adotadas, poder\u00e3o ser tomadas provid\u00eancias judiciais, incluindo o ajuizamento de a\u00e7\u00e3o civil p\u00fablica.<\/p>\n","protected":false},"excerpt":{"rendered":"<p>O Minist\u00e9rio P\u00fablico do Estado de Roraima (MPRR) recomendou \u00e0 Secretaria Municipal de Sa\u00fade de Boa Vista (SMSA) a ado\u00e7\u00e3o de medidas para regularizar os servi\u00e7os odontol\u00f3gicos ap\u00f3s apontar falhas na execu\u00e7\u00e3o das pol\u00edticas p\u00fablicas, mesmo com o recebimento de recursos federais. A recomenda\u00e7\u00e3o foi expedida na quinta-feira (23). De acordo com levantamento da Promotoria [&hellip;]<\/p>\n","protected":false},"author":123458,"featured_media":9887,"comment_status":"closed","ping_status":"closed","sticky":false,"template":"","format":"standard","meta":{"footnotes":""},"categories":[20,27],"tags":[111,3191,5061,5062,128,368,392,3194,1126,158],"class_list":["post-9886","post","type-post","status-publish","format-standard","has-post-thumbnail","hentry","category-roraima","category-saude","tag-boa-vista","tag-brasil-sorridente","tag-ceo","tag-lrpd","tag-ministerio-da-saude","tag-mprr","tag-promotoria-de-justica-de-defesa-da-saude","tag-saude-bucal","tag-smsa","tag-ubs"],"_links":{"self":[{"href":"https:\/\/amororaima.com.br\/index.php\/wp-json\/wp\/v2\/posts\/9886","targetHints":{"allow":["GET"]}}],"collection":[{"href":"https:\/\/amororaima.com.br\/index.php\/wp-json\/wp\/v2\/posts"}],"about":[{"href":"https:\/\/amororaima.com.br\/index.php\/wp-json\/wp\/v2\/types\/post"}],"author":[{"embeddable":true,"href":"https:\/\/amororaima.com.br\/index.php\/wp-json\/wp\/v2\/users\/123458"}],"replies":[{"embeddable":true,"href":"https:\/\/amororaima.com.br\/index.php\/wp-json\/wp\/v2\/comments?post=9886"}],"version-history":[{"count":4,"href":"https:\/\/amororaima.com.br\/index.php\/wp-json\/wp\/v2\/posts\/9886\/revisions"}],"predecessor-version":[{"id":9891,"href":"https:\/\/amororaima.com.br\/index.php\/wp-json\/wp\/v2\/posts\/9886\/revisions\/9891"}],"wp:featuredmedia":[{"embeddable":true,"href":"https:\/\/amororaima.com.br\/index.php\/wp-json\/wp\/v2\/media\/9887"}],"wp:attachment":[{"href":"https:\/\/amororaima.com.br\/index.php\/wp-json\/wp\/v2\/media?parent=9886"}],"wp:term":[{"taxonomy":"category","embeddable":true,"href":"https:\/\/amororaima.com.br\/index.php\/wp-json\/wp\/v2\/categories?post=9886"},{"taxonomy":"post_tag","embeddable":true,"href":"https:\/\/amororaima.com.br\/index.php\/wp-json\/wp\/v2\/tags?post=9886"}],"curies":[{"name":"wp","href":"https:\/\/api.w.org\/{rel}","templated":true}]}}