{"id":9883,"date":"2026-04-27T10:30:03","date_gmt":"2026-04-27T14:30:03","guid":{"rendered":"https:\/\/amororaima.com.br\/?p=9883"},"modified":"2026-04-27T10:30:03","modified_gmt":"2026-04-27T14:30:03","slug":"candidatos-tem-ate-esta-quinta-feira-30-para-pedir-isencao-da-taxa-do-enem-2026-apos-mudanca-no-prazo","status":"publish","type":"post","link":"https:\/\/amororaima.com.br\/index.php\/2026\/04\/27\/candidatos-tem-ate-esta-quinta-feira-30-para-pedir-isencao-da-taxa-do-enem-2026-apos-mudanca-no-prazo\/","title":{"rendered":"Candidatos t\u00eam at\u00e9 esta quinta-feira (30) para pedir isen\u00e7\u00e3o da taxa do Enem 2026 ap\u00f3s mudan\u00e7a no prazo"},"content":{"rendered":"\n<p>A solicita\u00e7\u00e3o de isen\u00e7\u00e3o da taxa de inscri\u00e7\u00e3o do Enem 2026 pode ser feita at\u00e9 esta quinta-feira (30). O prazo foi prorrogado pelo Instituto Nacional de Estudos e Pesquisas Educacionais An\u00edsio Teixeira (Inep), que inicialmente previa o <a href=\"https:\/\/amororaima.com.br\/index.php\/2026\/04\/23\/isencao-da-taxa-do-enem-2026-pode-ser-solicitada-ate-esta-sexta-feira-24\/\" target=\"_blank\" rel=\"noreferrer noopener\"><strong>encerramento na sexta-feira (24)<\/strong><\/a>.<\/p>\n\n\n\n<p>A altera\u00e7\u00e3o no calend\u00e1rio tamb\u00e9m se aplica \u00e0 justificativa de aus\u00eancia no Enem 2025, destinada aos participantes que faltaram aos dois dias de prova e pretendem solicitar novamente a isen\u00e7\u00e3o.<\/p>\n\n\n\n<p>Os interessados devem acessar a <a href=\"https:\/\/enem.inep.gov.br\/participante\/#!\/\" target=\"_blank\" rel=\"noreferrer noopener\"><strong>P\u00e1gina do Participante<\/strong><\/a> e utilizar o login do Gov.br para preencher as informa\u00e7\u00f5es necess\u00e1rias. O sistema \u00e9 o \u00fanico canal dispon\u00edvel para esse procedimento.<\/p>\n\n\n\n<p>T\u00eam direito \u00e0 isen\u00e7\u00e3o estudantes que est\u00e3o no \u00faltimo ano do ensino m\u00e9dio em escola p\u00fablica em 2026. O benef\u00edcio tamb\u00e9m contempla quem cursou todo o ensino m\u00e9dio na rede p\u00fablica ou como bolsista integral em escola privada, com renda de at\u00e9 um sal\u00e1rio m\u00ednimo e meio.<\/p>\n\n\n\n<p>Tamb\u00e9m podem solicitar o benef\u00edcio pessoas inscritas no Cadastro \u00danico para Programas Sociais do Governo Federal (Cad\u00danico), desde que estejam com os dados atualizados. Participantes do programa P\u00e9-de-Meia tamb\u00e9m fazem parte do p\u00fablico contemplado.<\/p>\n\n\n\n<p>Mesmo com a isen\u00e7\u00e3o, todos os candidatos dever\u00e3o se inscrever no Enem dentro do prazo que ser\u00e1 divulgado em edital. O Inep refor\u00e7a que a inscri\u00e7\u00e3o \u00e9 obrigat\u00f3ria.<\/p>\n\n\n\n<p>O cronograma prev\u00ea divulga\u00e7\u00e3o dos resultados em 13 de maio. Recursos poder\u00e3o ser apresentados entre 13 e 19 de maio, com resultado em 25 de maio.<\/p>\n\n\n\n<p>No caso do Cad\u00danico, o Inep alerta que inconsist\u00eancias nos dados podem resultar na negativa do pedido. Por isso, \u00e9 necess\u00e1rio verificar a situa\u00e7\u00e3o cadastral antes da solicita\u00e7\u00e3o.<\/p>\n\n\n\n<p>Os participantes do programa P\u00e9-de-Meia que conclu\u00edrem o ensino m\u00e9dio em 2026 e fizerem as provas poder\u00e3o receber R$ 200 adicionais. O pagamento ser\u00e1 realizado ap\u00f3s a confirma\u00e7\u00e3o da conclus\u00e3o.<\/p>\n\n\n\n<p>A aprova\u00e7\u00e3o da isen\u00e7\u00e3o ou da justificativa n\u00e3o garante automaticamente a inscri\u00e7\u00e3o no exame. O candidato deve acompanhar o edital e cumprir todas as etapas exigidas.<\/p>\n\n\n\n<p>O Enem \u00e9 atualmente a principal forma de ingresso no ensino superior no Brasil, sendo utilizado em programas como Sisu, Prouni e Fies, al\u00e9m de processos seletivos em institui\u00e7\u00f5es brasileiras e portuguesas.<\/p>\n","protected":false},"excerpt":{"rendered":"<p>A solicita\u00e7\u00e3o de isen\u00e7\u00e3o da taxa de inscri\u00e7\u00e3o do Enem 2026 pode ser feita at\u00e9 esta quinta-feira (30). O prazo foi prorrogado pelo Instituto Nacional de Estudos e Pesquisas Educacionais An\u00edsio Teixeira (Inep), que inicialmente previa o encerramento na sexta-feira (24). A altera\u00e7\u00e3o no calend\u00e1rio tamb\u00e9m se aplica \u00e0 justificativa de aus\u00eancia no Enem 2025, [&hellip;]<\/p>\n","protected":false},"author":123458,"featured_media":6439,"comment_status":"closed","ping_status":"closed","sticky":false,"template":"","format":"standard","meta":{"footnotes":""},"categories":[19,29],"tags":[1643,66,865,69,3078,324,3386,868,867,4707],"class_list":["post-9883","post","type-post","status-publish","format-standard","has-post-thumbnail","hentry","category-brasil","category-educacao","tag-cadunico","tag-enem","tag-fies","tag-inep","tag-isencao","tag-ministerio-da-educacao","tag-pe-de-meia","tag-prouni","tag-sisu","tag-taxa"],"_links":{"self":[{"href":"https:\/\/amororaima.com.br\/index.php\/wp-json\/wp\/v2\/posts\/9883","targetHints":{"allow":["GET"]}}],"collection":[{"href":"https:\/\/amororaima.com.br\/index.php\/wp-json\/wp\/v2\/posts"}],"about":[{"href":"https:\/\/amororaima.com.br\/index.php\/wp-json\/wp\/v2\/types\/post"}],"author":[{"embeddable":true,"href":"https:\/\/amororaima.com.br\/index.php\/wp-json\/wp\/v2\/users\/123458"}],"replies":[{"embeddable":true,"href":"https:\/\/amororaima.com.br\/index.php\/wp-json\/wp\/v2\/comments?post=9883"}],"version-history":[{"count":1,"href":"https:\/\/amororaima.com.br\/index.php\/wp-json\/wp\/v2\/posts\/9883\/revisions"}],"predecessor-version":[{"id":9884,"href":"https:\/\/amororaima.com.br\/index.php\/wp-json\/wp\/v2\/posts\/9883\/revisions\/9884"}],"wp:featuredmedia":[{"embeddable":true,"href":"https:\/\/amororaima.com.br\/index.php\/wp-json\/wp\/v2\/media\/6439"}],"wp:attachment":[{"href":"https:\/\/amororaima.com.br\/index.php\/wp-json\/wp\/v2\/media?parent=9883"}],"wp:term":[{"taxonomy":"category","embeddable":true,"href":"https:\/\/amororaima.com.br\/index.php\/wp-json\/wp\/v2\/categories?post=9883"},{"taxonomy":"post_tag","embeddable":true,"href":"https:\/\/amororaima.com.br\/index.php\/wp-json\/wp\/v2\/tags?post=9883"}],"curies":[{"name":"wp","href":"https:\/\/api.w.org\/{rel}","templated":true}]}}