{"id":9880,"date":"2026-04-24T10:39:59","date_gmt":"2026-04-24T14:39:59","guid":{"rendered":"https:\/\/amororaima.com.br\/?p=9880"},"modified":"2026-04-24T10:39:59","modified_gmt":"2026-04-24T14:39:59","slug":"processo-sobre-edilson-damiao-e-denarium-volta-a-ser-julgado-no-tse-na-terca-feira-28","status":"publish","type":"post","link":"https:\/\/amororaima.com.br\/index.php\/2026\/04\/24\/processo-sobre-edilson-damiao-e-denarium-volta-a-ser-julgado-no-tse-na-terca-feira-28\/","title":{"rendered":"Processo sobre Edilson Dami\u00e3o e Denarium volta a ser julgado no TSE na ter\u00e7a-feira (28)"},"content":{"rendered":"\n<p>O Tribunal Superior Eleitoral (TSE) volta a analisar na ter\u00e7a-feira (28) o processo que pode levar \u00e0 cassa\u00e7\u00e3o do mandato do governador de Roraima, Edilson Dami\u00e3o (Uni\u00e3o Brasil), e \u00e0 inelegibilidade do ex-governador Antonio Denarium (PP). A data foi definida nesta quinta-feira (23).<\/p>\n\n\n\n<p>A retomada ocorre ap\u00f3s <a href=\"https:\/\/amororaima.com.br\/index.php\/2026\/04\/22\/apos-oito-dias-ministra-devolve-ao-tse-processo-sobre-denarium-e-damiao\/\" target=\"_blank\" rel=\"noreferrer noopener\"><strong>a ministra Estela Aranha devolver o processo ao plen\u00e1rio<\/strong><\/a>. Ela havia solicitado vista e manteve o caso sob an\u00e1lise por oito dias.<\/p>\n\n\n\n<p>Denarium e Dami\u00e3o respondem a acusa\u00e7\u00f5es de abuso de poder pol\u00edtico e econ\u00f4mico nas elei\u00e7\u00f5es de 2022. O caso tramita no TSE ap\u00f3s <a href=\"https:\/\/amororaima.com.br\/index.php\/2024\/11\/19\/pela-quarta-vez-tribunal-regional-eleitoral-de-roraima-cassa-mandato-de-antonio-denarium\/\" target=\"_blank\" rel=\"noreferrer noopener\"><strong>quatro condena\u00e7\u00f5es no Tribunal Regional Eleitoral de Roraima (TRE-RR)<\/strong><\/a>.<\/p>\n\n\n\n<p>As decis\u00f5es foram contestadas pelas defesas, que recorreram ao TSE. O julgamento tem sido interrompido em diferentes momentos ao longo do processo.<\/p>\n\n\n\n<p><a href=\"https:\/\/amororaima.com.br\/index.php\/2025\/11\/12\/denarium-acumula-2-votos-pela-cassacao-no-tse-julgamento-e-suspenso-mais-uma-vez-apos-pedido-de-vista\/\" target=\"_blank\" rel=\"noreferrer noopener\"><strong>Uma dessas interrup\u00e7\u00f5es ocorreu em novembro de 2025, quando o ministro Nunes Marques pediu vista<\/strong><\/a>, suspendendo a an\u00e1lise por cerca de cinco meses.<\/p>\n\n\n\n<p><a href=\"https:\/\/amororaima.com.br\/index.php\/2026\/04\/14\/tse-volta-a-adiar-julgamento-de-denarium-e-damiao-apos-novo-pedido-de-vista\/\" target=\"_blank\" rel=\"noreferrer noopener\"><strong>No dia 14 de abril, ao retomar o julgamento, Marques votou pela inelegibilidade de Antonio Denarium<\/strong><\/a>.<\/p>\n\n\n\n<p>Em rela\u00e7\u00e3o a Edilson Dami\u00e3o, o ministro votou pela inoc\u00eancia. Dami\u00e3o assumiu o governo ap\u00f3s Denarium renunciar em 27 de mar\u00e7o para disputar o Senado.<\/p>\n\n\n\n<p>Segundo a coluna Andreza Matais, do portal <strong>Metr\u00f3poles<\/strong>, a ministra Estela Aranha deve votar pela cassa\u00e7\u00e3o da chapa, acompanhando o ministro Floriano de Azevedo Marques.<\/p>\n\n\n\n<p>J\u00e1 os ministros Andr\u00e9 Mendon\u00e7a e Isabel Gallotti se posicionaram pela cassa\u00e7\u00e3o. A ministra C\u00e1rmen L\u00facia e o ministro Ant\u00f4nio Gon\u00e7alves ainda n\u00e3o apresentaram voto.<\/p>\n","protected":false},"excerpt":{"rendered":"<p>O Tribunal Superior Eleitoral (TSE) volta a analisar na ter\u00e7a-feira (28) o processo que pode levar \u00e0 cassa\u00e7\u00e3o do mandato do governador de Roraima, Edilson Dami\u00e3o (Uni\u00e3o Brasil), e \u00e0 inelegibilidade do ex-governador Antonio Denarium (PP). A data foi definida nesta quinta-feira (23). A retomada ocorre ap\u00f3s a ministra Estela Aranha devolver o processo ao [&hellip;]<\/p>\n","protected":false},"author":123458,"featured_media":9881,"comment_status":"closed","ping_status":"closed","sticky":false,"template":"","format":"standard","meta":{"footnotes":""},"categories":[19,31,20],"tags":[289,290,3210,1271,338,3108,93,233,269],"class_list":["post-9880","post","type-post","status-publish","format-standard","has-post-thumbnail","hentry","category-brasil","category-politica","category-roraima","tag-abuso-de-poder","tag-cassacao","tag-damiao","tag-denarium","tag-eleicoes-2022","tag-inelegibilidade","tag-roraima","tag-tre-rr","tag-tse"],"_links":{"self":[{"href":"https:\/\/amororaima.com.br\/index.php\/wp-json\/wp\/v2\/posts\/9880","targetHints":{"allow":["GET"]}}],"collection":[{"href":"https:\/\/amororaima.com.br\/index.php\/wp-json\/wp\/v2\/posts"}],"about":[{"href":"https:\/\/amororaima.com.br\/index.php\/wp-json\/wp\/v2\/types\/post"}],"author":[{"embeddable":true,"href":"https:\/\/amororaima.com.br\/index.php\/wp-json\/wp\/v2\/users\/123458"}],"replies":[{"embeddable":true,"href":"https:\/\/amororaima.com.br\/index.php\/wp-json\/wp\/v2\/comments?post=9880"}],"version-history":[{"count":1,"href":"https:\/\/amororaima.com.br\/index.php\/wp-json\/wp\/v2\/posts\/9880\/revisions"}],"predecessor-version":[{"id":9882,"href":"https:\/\/amororaima.com.br\/index.php\/wp-json\/wp\/v2\/posts\/9880\/revisions\/9882"}],"wp:featuredmedia":[{"embeddable":true,"href":"https:\/\/amororaima.com.br\/index.php\/wp-json\/wp\/v2\/media\/9881"}],"wp:attachment":[{"href":"https:\/\/amororaima.com.br\/index.php\/wp-json\/wp\/v2\/media?parent=9880"}],"wp:term":[{"taxonomy":"category","embeddable":true,"href":"https:\/\/amororaima.com.br\/index.php\/wp-json\/wp\/v2\/categories?post=9880"},{"taxonomy":"post_tag","embeddable":true,"href":"https:\/\/amororaima.com.br\/index.php\/wp-json\/wp\/v2\/tags?post=9880"}],"curies":[{"name":"wp","href":"https:\/\/api.w.org\/{rel}","templated":true}]}}