{"id":9875,"date":"2026-04-23T15:05:53","date_gmt":"2026-04-23T19:05:53","guid":{"rendered":"https:\/\/amororaima.com.br\/?p=9875"},"modified":"2026-04-23T15:05:53","modified_gmt":"2026-04-23T19:05:53","slug":"audiencia-no-stf-aponta-homologacao-de-acordo-para-repasse-de-r-115-milhoes-a-roraima-por-impacto-da-migracao","status":"publish","type":"post","link":"https:\/\/amororaima.com.br\/index.php\/2026\/04\/23\/audiencia-no-stf-aponta-homologacao-de-acordo-para-repasse-de-r-115-milhoes-a-roraima-por-impacto-da-migracao\/","title":{"rendered":"Audi\u00eancia no STF aponta homologa\u00e7\u00e3o de acordo para repasse de R$ 115 milh\u00f5es a Roraima por impacto da migra\u00e7\u00e3o"},"content":{"rendered":"\n<p>Uma audi\u00eancia realizada nesta quarta-feira (22) no Supremo Tribunal Federal (STF) indicou que deve ser homologado, nos pr\u00f3ximos dias, o <a href=\"https:\/\/amororaima.com.br\/index.php\/2026\/01\/05\/governo-federal-fecha-acordo-para-ressarcir-roraima-em-r-115-milhoes-por-gastos-com-venezuelanos\/\" target=\"_blank\" rel=\"noreferrer noopener\"><strong>acordo que prev\u00ea o repasse de R$ 115 milh\u00f5es a Roraima por despesas relacionadas \u00e0 migra\u00e7\u00e3o venezuelana<\/strong><\/a>.<\/p>\n\n\n\n<p>A sinaliza\u00e7\u00e3o foi feita pelo ministro Luiz Fux durante encontro com o governador Edilson Dami\u00e3o (Uni\u00e3o Brasil), o procurador-geral Tyrone Mour\u00e3o e o deputado St\u00e9lio Dener (Republicanos).<\/p>\n\n\n\n<p>O acordo j\u00e1 foi firmado e aguarda valida\u00e7\u00e3o judicial. Com a homologa\u00e7\u00e3o, o entendimento ter\u00e1 efeito jur\u00eddico pleno e permitir\u00e1 encerrar o lit\u00edgio federativo.<\/p>\n\n\n\n<p>A a\u00e7\u00e3o foi proposta pelo governo estadual, por meio da Procuradoria-Geral do Estado (PGE-RR), que apontou a necessidade de recomposi\u00e7\u00e3o financeira diante da sobrecarga nos servi\u00e7os p\u00fablicos.<\/p>\n\n\n\n<p>Os recursos s\u00e3o considerados compensa\u00e7\u00e3o pelos impactos diretos da migra\u00e7\u00e3o em \u00e1reas essenciais.<\/p>\n\n\n\n<p>Durante a audi\u00eancia, o governador comentou.<\/p>\n\n\n\n<p>\u201cO ministro Luiz Fux se mostrou favor\u00e1vel ao pleito apresentado pelo estado e indicou celeridade na homologa\u00e7\u00e3o do acordo. \u00c9 um passo importante para garantir o ressarcimento de recursos que ser\u00e3o investidos em \u00e1reas essenciais, com impacto direto na popula\u00e7\u00e3o\u201d, afirmou.<\/p>\n\n\n\n<p>O procurador-geral destacou a viabilidade jur\u00eddica.<\/p>\n\n\n\n<p>\u201cO posicionamento do ministro indica a conformidade jur\u00eddica do acordo e aponta para sua homologa\u00e7\u00e3o. \u00c9 um avan\u00e7o significativo que tende a converter a pretens\u00e3o do estado em obriga\u00e7\u00e3o reconhecida. Isso tem efeitos concretos sobre a capacidade fiscal e a continuidade das pol\u00edticas p\u00fablicas em Roraima\u201d, disse.<\/p>\n\n\n\n<p>O acordo destina R$ 36 milh\u00f5es \u00e0 sa\u00fade, R$ 10 milh\u00f5es \u00e0 educa\u00e7\u00e3o, R$ 63 milh\u00f5es \u00e0 seguran\u00e7a p\u00fablica e R$ 6 milh\u00f5es ao sistema prisional.<\/p>\n\n\n\n<p>Os valores ser\u00e3o depositados em contas espec\u00edficas e acompanhados por \u00f3rg\u00e3os como Controladoria-Geral da Uni\u00e3o (CGU), Tribunal de Contas da Uni\u00e3o (TCU), Tribunal de Contas do Estado (TCE-RR) e Minist\u00e9rios P\u00fablicos.<\/p>\n","protected":false},"excerpt":{"rendered":"<p>Uma audi\u00eancia realizada nesta quarta-feira (22) no Supremo Tribunal Federal (STF) indicou que deve ser homologado, nos pr\u00f3ximos dias, o acordo que prev\u00ea o repasse de R$ 115 milh\u00f5es a Roraima por despesas relacionadas \u00e0 migra\u00e7\u00e3o venezuelana. A sinaliza\u00e7\u00e3o foi feita pelo ministro Luiz Fux durante encontro com o governador Edilson Dami\u00e3o (Uni\u00e3o Brasil), o [&hellip;]<\/p>\n","protected":false},"author":123458,"featured_media":9876,"comment_status":"closed","ping_status":"closed","sticky":false,"template":"","format":"standard","meta":{"footnotes":""},"categories":[19,31,20],"tags":[1459,167,78,1069,473,4181,1966,93,41,219,286,53,1079,320,556],"class_list":["post-9875","post","type-post","status-publish","format-standard","has-post-thumbnail","hentry","category-brasil","category-politica","category-roraima","tag-acordo","tag-cgu","tag-educacao","tag-migracao","tag-ministerio-publico","tag-pge-rr-2","tag-ressarcimento","tag-roraima","tag-saude","tag-seguranca-publica","tag-sistema-prisional","tag-stf","tag-tce-rr","tag-tcu","tag-uniao"],"_links":{"self":[{"href":"https:\/\/amororaima.com.br\/index.php\/wp-json\/wp\/v2\/posts\/9875","targetHints":{"allow":["GET"]}}],"collection":[{"href":"https:\/\/amororaima.com.br\/index.php\/wp-json\/wp\/v2\/posts"}],"about":[{"href":"https:\/\/amororaima.com.br\/index.php\/wp-json\/wp\/v2\/types\/post"}],"author":[{"embeddable":true,"href":"https:\/\/amororaima.com.br\/index.php\/wp-json\/wp\/v2\/users\/123458"}],"replies":[{"embeddable":true,"href":"https:\/\/amororaima.com.br\/index.php\/wp-json\/wp\/v2\/comments?post=9875"}],"version-history":[{"count":2,"href":"https:\/\/amororaima.com.br\/index.php\/wp-json\/wp\/v2\/posts\/9875\/revisions"}],"predecessor-version":[{"id":9878,"href":"https:\/\/amororaima.com.br\/index.php\/wp-json\/wp\/v2\/posts\/9875\/revisions\/9878"}],"wp:featuredmedia":[{"embeddable":true,"href":"https:\/\/amororaima.com.br\/index.php\/wp-json\/wp\/v2\/media\/9876"}],"wp:attachment":[{"href":"https:\/\/amororaima.com.br\/index.php\/wp-json\/wp\/v2\/media?parent=9875"}],"wp:term":[{"taxonomy":"category","embeddable":true,"href":"https:\/\/amororaima.com.br\/index.php\/wp-json\/wp\/v2\/categories?post=9875"},{"taxonomy":"post_tag","embeddable":true,"href":"https:\/\/amororaima.com.br\/index.php\/wp-json\/wp\/v2\/tags?post=9875"}],"curies":[{"name":"wp","href":"https:\/\/api.w.org\/{rel}","templated":true}]}}