{"id":9872,"date":"2026-04-23T13:20:16","date_gmt":"2026-04-23T17:20:16","guid":{"rendered":"https:\/\/amororaima.com.br\/?p=9872"},"modified":"2026-04-23T13:20:16","modified_gmt":"2026-04-23T17:20:16","slug":"com-risco-de-super-el-nino-roraima-amplia-orientacao-sobre-manejo-do-fogo-em-terras-indigenas","status":"publish","type":"post","link":"https:\/\/amororaima.com.br\/index.php\/2026\/04\/23\/com-risco-de-super-el-nino-roraima-amplia-orientacao-sobre-manejo-do-fogo-em-terras-indigenas\/","title":{"rendered":"Com risco de super El Ni\u00f1o, Roraima amplia orienta\u00e7\u00e3o sobre manejo do fogo em terras ind\u00edgenas"},"content":{"rendered":"\n<p>O risco de um poss\u00edvel super El Ni\u00f1o tem levado \u00e0 amplia\u00e7\u00e3o de orienta\u00e7\u00f5es sobre manejo do fogo em terras ind\u00edgenas de Roraima. No norte do estado, a\u00e7\u00f5es educativas foram intensificadas para reduzir a ocorr\u00eancia de inc\u00eandios durante per\u00edodos de estiagem.<\/p>\n\n\n\n<p>Na Terra Ind\u00edgena Santa In\u00eas, comunidades Macuxi participam das atividades promovidas pelo Instituto Brasileiro do Meio Ambiente e dos Recursos Naturais Renov\u00e1veis (Ibama), pelo Centro Nacional de Preven\u00e7\u00e3o e Combate aos Inc\u00eandios Florestais (Prevfogo), pela Funda\u00e7\u00e3o Nacional dos Povos Ind\u00edgenas (Funai) e pela Empresa Brasileira de Pesquisa Agropecu\u00e1ria (Embrapa).<\/p>\n\n\n\n<p>As oficinas abrangem uma \u00e1rea de cerca de 30 mil hectares, incluindo as comunidades Le\u00e3o de Ouro e Santa In\u00eas. Os encontros orientam sobre manejo integrado do fogo, reunindo pr\u00e1ticas tradicionais e t\u00e9cnicas de preven\u00e7\u00e3o.<\/p>\n\n\n\n<p>A redu\u00e7\u00e3o das chuvas na Regi\u00e3o Norte \u00e9 considerada um fator de risco, j\u00e1 que contribui para o aumento da vegeta\u00e7\u00e3o seca e facilita a propaga\u00e7\u00e3o de inc\u00eandios.<\/p>\n\n\n\n<p>Entre os temas discutidos est\u00e1 o descarte de res\u00edduos s\u00f3lidos. A queima de lixo pode provocar focos de inc\u00eandio, especialmente em per\u00edodos de estiagem, e por isso \u00e9 abordada durante as atividades.<\/p>\n\n\n\n<p>Outro ponto \u00e9 a queima prescrita, t\u00e9cnica que consiste na utiliza\u00e7\u00e3o controlada do fogo para reduzir o material combust\u00edvel e evitar inc\u00eandios de grandes propor\u00e7\u00f5es.<\/p>\n\n\n\n<p>Al\u00e9m das orienta\u00e7\u00f5es sobre inc\u00eandios, as oficinas incluem alternativas para garantir seguran\u00e7a alimentar durante per\u00edodos cr\u00edticos.<\/p>\n\n\n\n<p>A Embrapa apresentou sistemas de produ\u00e7\u00e3o integrados, com cultivo de hortali\u00e7as e cria\u00e7\u00e3o de peixes e pequenos animais em \u00e1reas reduzidas.<\/p>\n\n\n\n<p>As atividades incluem palestras, din\u00e2micas e participa\u00e7\u00e3o de lideran\u00e7as locais. Segundo o Ibama, a continuidade dessas a\u00e7\u00f5es \u00e9 necess\u00e1ria para reduzir impactos ambientais e fortalecer a adapta\u00e7\u00e3o das comunidades.<\/p>\n\n\n\n<p><strong><em>Com informa\u00e7\u00f5es de ac24horas<\/em><\/strong><\/p>\n","protected":false},"excerpt":{"rendered":"<p>O risco de um poss\u00edvel super El Ni\u00f1o tem levado \u00e0 amplia\u00e7\u00e3o de orienta\u00e7\u00f5es sobre manejo do fogo em terras ind\u00edgenas de Roraima. No norte do estado, a\u00e7\u00f5es educativas foram intensificadas para reduzir a ocorr\u00eancia de inc\u00eandios durante per\u00edodos de estiagem. Na Terra Ind\u00edgena Santa In\u00eas, comunidades Macuxi participam das atividades promovidas pelo Instituto Brasileiro [&hellip;]<\/p>\n","protected":false},"author":123458,"featured_media":9873,"comment_status":"closed","ping_status":"closed","sticky":false,"template":"","format":"standard","meta":{"footnotes":""},"categories":[293,20],"tags":[5060,856,1131,311,330,300,422,1046,3399,298,5059],"class_list":["post-9872","post","type-post","status-publish","format-standard","has-post-thumbnail","hentry","category-meio-ambiente","category-roraima","tag-comunidade-leao-de-ouro","tag-el-nino","tag-embrapa","tag-estiagem","tag-funai","tag-ibama","tag-incendios","tag-macuxi","tag-prevencao","tag-prevfogo","tag-terra-indigena-santa-ines"],"_links":{"self":[{"href":"https:\/\/amororaima.com.br\/index.php\/wp-json\/wp\/v2\/posts\/9872","targetHints":{"allow":["GET"]}}],"collection":[{"href":"https:\/\/amororaima.com.br\/index.php\/wp-json\/wp\/v2\/posts"}],"about":[{"href":"https:\/\/amororaima.com.br\/index.php\/wp-json\/wp\/v2\/types\/post"}],"author":[{"embeddable":true,"href":"https:\/\/amororaima.com.br\/index.php\/wp-json\/wp\/v2\/users\/123458"}],"replies":[{"embeddable":true,"href":"https:\/\/amororaima.com.br\/index.php\/wp-json\/wp\/v2\/comments?post=9872"}],"version-history":[{"count":1,"href":"https:\/\/amororaima.com.br\/index.php\/wp-json\/wp\/v2\/posts\/9872\/revisions"}],"predecessor-version":[{"id":9874,"href":"https:\/\/amororaima.com.br\/index.php\/wp-json\/wp\/v2\/posts\/9872\/revisions\/9874"}],"wp:featuredmedia":[{"embeddable":true,"href":"https:\/\/amororaima.com.br\/index.php\/wp-json\/wp\/v2\/media\/9873"}],"wp:attachment":[{"href":"https:\/\/amororaima.com.br\/index.php\/wp-json\/wp\/v2\/media?parent=9872"}],"wp:term":[{"taxonomy":"category","embeddable":true,"href":"https:\/\/amororaima.com.br\/index.php\/wp-json\/wp\/v2\/categories?post=9872"},{"taxonomy":"post_tag","embeddable":true,"href":"https:\/\/amororaima.com.br\/index.php\/wp-json\/wp\/v2\/tags?post=9872"}],"curies":[{"name":"wp","href":"https:\/\/api.w.org\/{rel}","templated":true}]}}