{"id":9865,"date":"2026-04-23T07:00:00","date_gmt":"2026-04-23T11:00:00","guid":{"rendered":"https:\/\/amororaima.com.br\/?p=9865"},"modified":"2026-04-22T21:20:19","modified_gmt":"2026-04-23T01:20:19","slug":"isencao-da-taxa-do-enem-2026-pode-ser-solicitada-ate-esta-sexta-feira-24","status":"publish","type":"post","link":"https:\/\/amororaima.com.br\/index.php\/2026\/04\/23\/isencao-da-taxa-do-enem-2026-pode-ser-solicitada-ate-esta-sexta-feira-24\/","title":{"rendered":"Isen\u00e7\u00e3o da taxa do Enem 2026 pode ser solicitada at\u00e9 esta sexta-feira (24)"},"content":{"rendered":"\n<p>Candidatos t\u00eam at\u00e9 esta sexta-feira (24) para solicitar isen\u00e7\u00e3o da taxa de inscri\u00e7\u00e3o do Enem 2026. O mesmo prazo vale para a justificativa de aus\u00eancia na edi\u00e7\u00e3o de 2025.<\/p>\n\n\n\n<p>O procedimento deve ser feito pela <a href=\"https:\/\/enem.inep.gov.br\/participante\/#!\/\" target=\"_blank\" rel=\"noreferrer noopener\"><strong>P\u00e1gina do Participante<\/strong><\/a>, com login Gov.br.<\/p>\n\n\n\n<p>O Inep informa que podem solicitar a gratuidade estudantes do ensino m\u00e9dio em escola p\u00fablica no 3\u00ba ano em 2026, alunos da rede p\u00fablica ou bolsistas integrais com renda de at\u00e9 um sal\u00e1rio-m\u00ednimo e meio, inscritos no Cad\u00danico e benefici\u00e1rios do P\u00e9-de-Meia.<\/p>\n\n\n\n<p>A isen\u00e7\u00e3o n\u00e3o \u00e9 autom\u00e1tica e depende de solicita\u00e7\u00e3o dentro do prazo estabelecido.<\/p>\n\n\n\n<p>O \u00f3rg\u00e3o tamb\u00e9m alerta que dados desatualizados no Cad\u00danico podem resultar na negativa do pedido.<\/p>\n\n\n\n<p>Participantes que tiveram isen\u00e7\u00e3o em 2025 e n\u00e3o fizeram as provas precisam justificar a aus\u00eancia para solicitar novamente o benef\u00edcio.<\/p>\n\n\n\n<p>A justificativa deve ser enviada com documentos exigidos em edital, em formato PDF, PNG ou JPG, com limite de 2 megabits.<\/p>\n\n\n\n<p>Entre os documentos aceitos est\u00e3o registros oficiais e documentos civis em situa\u00e7\u00f5es espec\u00edficas previstas.<\/p>\n\n\n\n<p>O resultado das solicita\u00e7\u00f5es ser\u00e1 divulgado em 8 de maio. Recursos poder\u00e3o ser apresentados de 11 a 15 de maio, com resultado em 22 de maio.<\/p>\n\n\n\n<p>As regras constam em edital publicado em 1\u00ba de abril. O per\u00edodo de inscri\u00e7\u00e3o ainda ser\u00e1 divulgado pelo Minist\u00e9rio da Educa\u00e7\u00e3o.<\/p>\n\n\n\n<p>O Enem \u00e9 usado para acesso ao ensino superior por meio de programas como Sisu, Prouni e Fies, al\u00e9m de aceita\u00e7\u00e3o em universidades de Portugal conveniadas ao Inep. Tamb\u00e9m pode ser utilizado para certifica\u00e7\u00e3o do ensino m\u00e9dio desde 2025.<\/p>\n\n\n\n<p><strong><em>Com informa\u00e7\u00f5es da Ag\u00eancia Brasil<\/em><\/strong><\/p>\n","protected":false},"excerpt":{"rendered":"<p>Candidatos t\u00eam at\u00e9 esta sexta-feira (24) para solicitar isen\u00e7\u00e3o da taxa de inscri\u00e7\u00e3o do Enem 2026. O mesmo prazo vale para a justificativa de aus\u00eancia na edi\u00e7\u00e3o de 2025. O procedimento deve ser feito pela P\u00e1gina do Participante, com login Gov.br. O Inep informa que podem solicitar a gratuidade estudantes do ensino m\u00e9dio em escola [&hellip;]<\/p>\n","protected":false},"author":123458,"featured_media":9866,"comment_status":"closed","ping_status":"closed","sticky":false,"template":"","format":"standard","meta":{"footnotes":""},"categories":[19,29],"tags":[1643,5055,865,309,69,3078,866,3386,868,867,4707],"class_list":["post-9865","post","type-post","status-publish","format-standard","has-post-thumbnail","hentry","category-brasil","category-educacao","tag-cadunico","tag-enem-2026","tag-fies","tag-governo-federal","tag-inep","tag-isencao","tag-mec","tag-pe-de-meia","tag-prouni","tag-sisu","tag-taxa"],"_links":{"self":[{"href":"https:\/\/amororaima.com.br\/index.php\/wp-json\/wp\/v2\/posts\/9865","targetHints":{"allow":["GET"]}}],"collection":[{"href":"https:\/\/amororaima.com.br\/index.php\/wp-json\/wp\/v2\/posts"}],"about":[{"href":"https:\/\/amororaima.com.br\/index.php\/wp-json\/wp\/v2\/types\/post"}],"author":[{"embeddable":true,"href":"https:\/\/amororaima.com.br\/index.php\/wp-json\/wp\/v2\/users\/123458"}],"replies":[{"embeddable":true,"href":"https:\/\/amororaima.com.br\/index.php\/wp-json\/wp\/v2\/comments?post=9865"}],"version-history":[{"count":2,"href":"https:\/\/amororaima.com.br\/index.php\/wp-json\/wp\/v2\/posts\/9865\/revisions"}],"predecessor-version":[{"id":9868,"href":"https:\/\/amororaima.com.br\/index.php\/wp-json\/wp\/v2\/posts\/9865\/revisions\/9868"}],"wp:featuredmedia":[{"embeddable":true,"href":"https:\/\/amororaima.com.br\/index.php\/wp-json\/wp\/v2\/media\/9866"}],"wp:attachment":[{"href":"https:\/\/amororaima.com.br\/index.php\/wp-json\/wp\/v2\/media?parent=9865"}],"wp:term":[{"taxonomy":"category","embeddable":true,"href":"https:\/\/amororaima.com.br\/index.php\/wp-json\/wp\/v2\/categories?post=9865"},{"taxonomy":"post_tag","embeddable":true,"href":"https:\/\/amororaima.com.br\/index.php\/wp-json\/wp\/v2\/tags?post=9865"}],"curies":[{"name":"wp","href":"https:\/\/api.w.org\/{rel}","templated":true}]}}