{"id":9856,"date":"2026-04-23T05:00:00","date_gmt":"2026-04-23T09:00:00","guid":{"rendered":"https:\/\/amororaima.com.br\/?p=9856"},"modified":"2026-04-22T20:39:31","modified_gmt":"2026-04-23T00:39:31","slug":"jovem-e-preso-na-zona-oeste-de-boa-vista-suspeito-de-estuprar-vizinha-de-13-anos","status":"publish","type":"post","link":"https:\/\/amororaima.com.br\/index.php\/2026\/04\/23\/jovem-e-preso-na-zona-oeste-de-boa-vista-suspeito-de-estuprar-vizinha-de-13-anos\/","title":{"rendered":"Quase um m\u00eas depois do crime, jovem \u00e9 preso na zona oeste de Boa Vista suspeito de estuprar vizinha de 13 anos"},"content":{"rendered":"\n<p>Um repositor de produtos agr\u00edcolas de 27 anos foi preso em casa, nesta quarta-feira (22), no bairro Pricum\u00e3, zona oeste de Boa Vista, por suspeita de estuprar uma adolescente de 13 anos.<\/p>\n\n\n\n<p>O crime ocorreu no dia 28 de mar\u00e7o. O suspeito era vizinho e mantinha rela\u00e7\u00e3o de confian\u00e7a com a fam\u00edlia da v\u00edtima. Aproveitando-se da aus\u00eancia dos pais, ele teria cometido o abuso.<\/p>\n\n\n\n<p>\u201cO caso chegou at\u00e9 a delegacia ap\u00f3s a professora da v\u00edtima perceber uma mudan\u00e7a no comportamento da adolescente. Ao ser questionada, ela revelou ter sido abusada e comunicou a m\u00e3e, que imediatamente procurou a delegacia para registrar a den\u00fancia\u201d, explicou a adjunta da Delegacia de Prote\u00e7\u00e3o \u00e0 Crian\u00e7a e ao Adolescente (DPCA), Kamilla Basto.<\/p>\n\n\n\n<p>De acordo com as investiga\u00e7\u00f5es, o suspeito atraiu a v\u00edtima at\u00e9 um trator estacionado no condom\u00ednio onde morava, local em que teria praticado o crime. Ap\u00f3s o abuso, ele ofereceu R$ 20 e um aparelho celular \u00e0 v\u00edtima, com o objetivo de silenci\u00e1-la e manter a continuidade da pr\u00e1tica criminosa.<\/p>\n\n\n\n<p>\u201cEle agiu de forma premeditada. Mesmo ap\u00f3s o abuso, insistia em manter contato com a v\u00edtima, oferecendo vantagens materiais para continuar os abusos, o que a deixava extremamente abalada\u201d, destacou.<\/p>\n\n\n\n<p>Ap\u00f3s dilig\u00eancias, o suspeito foi localizado em sua resid\u00eancia e conduzido \u00e0 unidade policial. Ao ser interrogado, ele negou as acusa\u00e7\u00f5es, mas teve a pris\u00e3o formalizada.<\/p>\n\n\n\n<p>O jovem foi apresentado em audi\u00eancia de cust\u00f3dia, quando a pris\u00e3o foi homologada. Encaminhado ao sistema prisional, ele permanecer\u00e1 \u00e0 disposi\u00e7\u00e3o da Justi\u00e7a.<\/p>\n","protected":false},"excerpt":{"rendered":"<p>Um repositor de produtos agr\u00edcolas de 27 anos foi preso em casa, nesta quarta-feira (22), no bairro Pricum\u00e3, zona oeste de Boa Vista, por suspeita de estuprar uma adolescente de 13 anos. O crime ocorreu no dia 28 de mar\u00e7o. O suspeito era vizinho e mantinha rela\u00e7\u00e3o de confian\u00e7a com a fam\u00edlia da v\u00edtima. Aproveitando-se [&hellip;]<\/p>\n","protected":false},"author":123458,"featured_media":9857,"comment_status":"closed","ping_status":"closed","sticky":false,"template":"","format":"standard","meta":{"footnotes":""},"categories":[34,20],"tags":[203,111,273,275,62,55,1796,240],"class_list":["post-9856","post","type-post","status-publish","format-standard","has-post-thumbnail","hentry","category-policia","category-roraima","tag-audiencia-de-custodia","tag-boa-vista","tag-dpca","tag-estupro-de-vulneravel","tag-justica","tag-policia-civil-2","tag-pricuma","tag-zona-oeste"],"_links":{"self":[{"href":"https:\/\/amororaima.com.br\/index.php\/wp-json\/wp\/v2\/posts\/9856","targetHints":{"allow":["GET"]}}],"collection":[{"href":"https:\/\/amororaima.com.br\/index.php\/wp-json\/wp\/v2\/posts"}],"about":[{"href":"https:\/\/amororaima.com.br\/index.php\/wp-json\/wp\/v2\/types\/post"}],"author":[{"embeddable":true,"href":"https:\/\/amororaima.com.br\/index.php\/wp-json\/wp\/v2\/users\/123458"}],"replies":[{"embeddable":true,"href":"https:\/\/amororaima.com.br\/index.php\/wp-json\/wp\/v2\/comments?post=9856"}],"version-history":[{"count":5,"href":"https:\/\/amororaima.com.br\/index.php\/wp-json\/wp\/v2\/posts\/9856\/revisions"}],"predecessor-version":[{"id":9862,"href":"https:\/\/amororaima.com.br\/index.php\/wp-json\/wp\/v2\/posts\/9856\/revisions\/9862"}],"wp:featuredmedia":[{"embeddable":true,"href":"https:\/\/amororaima.com.br\/index.php\/wp-json\/wp\/v2\/media\/9857"}],"wp:attachment":[{"href":"https:\/\/amororaima.com.br\/index.php\/wp-json\/wp\/v2\/media?parent=9856"}],"wp:term":[{"taxonomy":"category","embeddable":true,"href":"https:\/\/amororaima.com.br\/index.php\/wp-json\/wp\/v2\/categories?post=9856"},{"taxonomy":"post_tag","embeddable":true,"href":"https:\/\/amororaima.com.br\/index.php\/wp-json\/wp\/v2\/tags?post=9856"}],"curies":[{"name":"wp","href":"https:\/\/api.w.org\/{rel}","templated":true}]}}