{"id":9850,"date":"2026-04-22T19:53:18","date_gmt":"2026-04-22T23:53:18","guid":{"rendered":"https:\/\/amororaima.com.br\/?p=9850"},"modified":"2026-04-22T19:53:18","modified_gmt":"2026-04-22T23:53:18","slug":"suspeito-de-estuprar-enteada-e-preso-em-boa-vista-relatos-sobre-abuso-foram-feitos-pela-vitima-a-monitora-de-escola","status":"publish","type":"post","link":"https:\/\/amororaima.com.br\/index.php\/2026\/04\/22\/suspeito-de-estuprar-enteada-e-preso-em-boa-vista-relatos-sobre-abuso-foram-feitos-pela-vitima-a-monitora-de-escola\/","title":{"rendered":"Suspeito de estuprar enteada \u00e9 preso em Boa Vista; relatos sobre abuso foram feitos pela v\u00edtima \u00e0 monitora de escola"},"content":{"rendered":"\n<p>Um homem de 35 anos foi preso nesta quarta-feira (22) no bairro Conjunto Cidad\u00e3o, zona oeste de Boa Vista, suspeito de estuprar a enteada de 11 anos. A pris\u00e3o preventiva foi cumprida por agentes da Delegacia de Prote\u00e7\u00e3o \u00e0 Crian\u00e7a e ao Adolescente (DPCA).<\/p>\n\n\n\n<p>A investiga\u00e7\u00e3o come\u00e7ou ap\u00f3s uma ocorr\u00eancia registrada no dia 15 de abril em uma escola da capital. A v\u00edtima apresentou comportamento incomum e tentou se ferir, o que levou ao acionamento da Pol\u00edcia Militar.<\/p>\n\n\n\n<p>Ao ser acolhida por uma monitora, a crian\u00e7a relatou que vinha sendo abusada pelo padrasto. A partir do relato, o caso passou a ser investigado pela Pol\u00edcia Civil.<\/p>\n\n\n\n<p>Segundo a apura\u00e7\u00e3o, o suspeito utilizava o per\u00edodo noturno para se aproximar da v\u00edtima. A crian\u00e7a relatou ainda que era amea\u00e7ada para n\u00e3o contar o que estava acontecendo.<\/p>\n\n\n\n<p>Durante o inqu\u00e9rito, foi constatado que a v\u00edtima contou sobre as agress\u00f5es \u00e0 m\u00e3e e \u00e0 av\u00f3. No entanto, ambas optaram por acreditar na vers\u00e3o do suspeito.<\/p>\n\n\n\n<p>De acordo com o relato, a crian\u00e7a foi colocada de castigo e orientada a n\u00e3o comentar o caso com outras pessoas, sob a alega\u00e7\u00e3o de que estaria mentindo.<\/p>\n\n\n\n<p>A v\u00edtima tamb\u00e9m afirmou que tentou registrar as situa\u00e7\u00f5es em v\u00eddeo, mas o suspeito percebeu, apagou os arquivos e disse que a m\u00e3e acreditaria mais nele do que nela.<\/p>\n\n\n\n<p>Em depoimento \u00e0 Pol\u00edcia Civil, a m\u00e3e declarou n\u00e3o acreditar nas acusa\u00e7\u00f5es feitas pela filha.<\/p>\n\n\n\n<p>Com base nas provas reunidas, a delegada solicitou a pris\u00e3o preventiva do investigado, que foi autorizada pelo Poder Judici\u00e1rio.<\/p>\n\n\n\n<p>O inqu\u00e9rito tamb\u00e9m apura a conduta da genitora e do padrasto e est\u00e1 em fase final, devendo ser encaminhado ao Poder Judici\u00e1rio.<\/p>\n\n\n\n<p>Ap\u00f3s a pris\u00e3o, o suspeito foi levado \u00e0 DPCA, passou por audi\u00eancia de cust\u00f3dia e teve a pris\u00e3o homologada, sendo encaminhada ao sistema prisional, onde permanece \u00e0 disposi\u00e7\u00e3o da Justi\u00e7a.<\/p>\n","protected":false},"excerpt":{"rendered":"<p>Um homem de 35 anos foi preso nesta quarta-feira (22) no bairro Conjunto Cidad\u00e3o, zona oeste de Boa Vista, suspeito de estuprar a enteada de 11 anos. A pris\u00e3o preventiva foi cumprida por agentes da Delegacia de Prote\u00e7\u00e3o \u00e0 Crian\u00e7a e ao Adolescente (DPCA). A investiga\u00e7\u00e3o come\u00e7ou ap\u00f3s uma ocorr\u00eancia registrada no dia 15 de [&hellip;]<\/p>\n","protected":false},"author":123458,"featured_media":9851,"comment_status":"closed","ping_status":"closed","sticky":false,"template":"","format":"standard","meta":{"footnotes":""},"categories":[34,20],"tags":[203,111,4688,273,275,4510,1352,55,196,988,240],"class_list":["post-9850","post","type-post","status-publish","format-standard","has-post-thumbnail","hentry","category-policia","category-roraima","tag-audiencia-de-custodia","tag-boa-vista","tag-conjunto-cidadao","tag-dpca","tag-estupro-de-vulneravel","tag-mandado","tag-poder-judiciario","tag-policia-civil-2","tag-policia-militar-2","tag-prisao-preventiva","tag-zona-oeste"],"_links":{"self":[{"href":"https:\/\/amororaima.com.br\/index.php\/wp-json\/wp\/v2\/posts\/9850","targetHints":{"allow":["GET"]}}],"collection":[{"href":"https:\/\/amororaima.com.br\/index.php\/wp-json\/wp\/v2\/posts"}],"about":[{"href":"https:\/\/amororaima.com.br\/index.php\/wp-json\/wp\/v2\/types\/post"}],"author":[{"embeddable":true,"href":"https:\/\/amororaima.com.br\/index.php\/wp-json\/wp\/v2\/users\/123458"}],"replies":[{"embeddable":true,"href":"https:\/\/amororaima.com.br\/index.php\/wp-json\/wp\/v2\/comments?post=9850"}],"version-history":[{"count":3,"href":"https:\/\/amororaima.com.br\/index.php\/wp-json\/wp\/v2\/posts\/9850\/revisions"}],"predecessor-version":[{"id":9854,"href":"https:\/\/amororaima.com.br\/index.php\/wp-json\/wp\/v2\/posts\/9850\/revisions\/9854"}],"wp:featuredmedia":[{"embeddable":true,"href":"https:\/\/amororaima.com.br\/index.php\/wp-json\/wp\/v2\/media\/9851"}],"wp:attachment":[{"href":"https:\/\/amororaima.com.br\/index.php\/wp-json\/wp\/v2\/media?parent=9850"}],"wp:term":[{"taxonomy":"category","embeddable":true,"href":"https:\/\/amororaima.com.br\/index.php\/wp-json\/wp\/v2\/categories?post=9850"},{"taxonomy":"post_tag","embeddable":true,"href":"https:\/\/amororaima.com.br\/index.php\/wp-json\/wp\/v2\/tags?post=9850"}],"curies":[{"name":"wp","href":"https:\/\/api.w.org\/{rel}","templated":true}]}}