{"id":9844,"date":"2026-04-22T15:21:04","date_gmt":"2026-04-22T19:21:04","guid":{"rendered":"https:\/\/amororaima.com.br\/?p=9844"},"modified":"2026-04-22T15:21:04","modified_gmt":"2026-04-22T19:21:04","slug":"apos-oito-dias-ministra-devolve-ao-tse-processo-sobre-denarium-e-damiao","status":"publish","type":"post","link":"https:\/\/amororaima.com.br\/index.php\/2026\/04\/22\/apos-oito-dias-ministra-devolve-ao-tse-processo-sobre-denarium-e-damiao\/","title":{"rendered":"Ap\u00f3s oito dias, ministra devolve ao TSE processo sobre Denarium e Dami\u00e3o"},"content":{"rendered":"\n<p>A ministra Estela Aranha devolveu ao plen\u00e1rio do Tribunal Superior Eleitoral (TSE), nesta quarta-feira (22), ap\u00f3s oito dias de <a href=\"https:\/\/amororaima.com.br\/index.php\/2026\/04\/14\/tse-volta-a-adiar-julgamento-de-denarium-e-damiao-apos-novo-pedido-de-vista\/\" target=\"_blank\" rel=\"noreferrer noopener\"><strong>pedido de vista<\/strong><\/a>, o processo que trata da inelegibilidade do ex-governador de Roraima Antonio Denarium (Republicanos) e da situa\u00e7\u00e3o do atual governador Edilson Dami\u00e3o (Uni\u00e3o Brasil).<\/p>\n\n\n\n<p>A partir disso, a continuidade do julgamento depende da inclus\u00e3o do caso na pauta, decis\u00e3o que cabe \u00e0 presidente do tribunal, ministra C\u00e1rmen L\u00facia.<\/p>\n\n\n\n<p>O processo tramita no TSE h\u00e1 quase dois anos, ap\u00f3s <a href=\"https:\/\/amororaima.com.br\/index.php\/2024\/11\/19\/pela-quarta-vez-tribunal-regional-eleitoral-de-roraima-cassa-mandato-de-antonio-denarium\/\" target=\"_blank\" rel=\"noreferrer noopener\"><strong>quatro condena\u00e7\u00f5es impostas pelo Tribunal Regional Eleitoral de Roraima (TRE-RR) contra Denarium e Dami\u00e3o<\/strong><\/a>.<\/p>\n\n\n\n<p><a href=\"https:\/\/amororaima.com.br\/index.php\/2025\/11\/12\/denarium-acumula-2-votos-pela-cassacao-no-tse-julgamento-e-suspenso-mais-uma-vez-apos-pedido-de-vista\/\" target=\"_blank\" rel=\"noreferrer noopener\"><strong>A an\u00e1lise foi interrompida em novembro de 2025<\/strong><\/a>, quando o ministro Nunes Marques pediu vista do processo.<\/p>\n\n\n\n<p><a href=\"https:\/\/amororaima.com.br\/index.php\/2026\/04\/14\/tse-volta-a-adiar-julgamento-de-denarium-e-damiao-apos-novo-pedido-de-vista\/\" target=\"_blank\" rel=\"noreferrer noopener\"><strong>Na \u00faltima ter\u00e7a-feira (14), ele apresentou voto pela inelegibilidade de Antonio Denarium<\/strong><\/a>.<\/p>\n\n\n\n<p>No mesmo voto, o ministro se posicionou pela inoc\u00eancia de Edilson Dami\u00e3o, atual governador, que assumiu o cargo ap\u00f3s a ren\u00fancia de Denarium para disputar o Senado.<\/p>\n\n\n\n<p>De acordo com a coluna Andreza Matais, do <strong>Metr\u00f3poles<\/strong>, a ministra Estela Aranha deve votar pela cassa\u00e7\u00e3o da chapa, acompanhando o ministro Floriano de Azevedo Marques.<\/p>\n\n\n\n<p>Ainda n\u00e3o apresentaram voto a ministra C\u00e1rmen L\u00facia e o ministro Ant\u00f4nio Gon\u00e7alves.<\/p>\n\n\n\n<p>Os ministros Andr\u00e9 Mendon\u00e7a e Isabel Gallotti j\u00e1 votaram pela cassa\u00e7\u00e3o.<\/p>\n\n\n\n<p><strong><em>Com informa\u00e7\u00f5es do Metr\u00f3poles<\/em><\/strong><\/p>\n","protected":false},"excerpt":{"rendered":"<p>A ministra Estela Aranha devolveu ao plen\u00e1rio do Tribunal Superior Eleitoral (TSE), nesta quarta-feira (22), ap\u00f3s oito dias de pedido de vista, o processo que trata da inelegibilidade do ex-governador de Roraima Antonio Denarium (Republicanos) e da situa\u00e7\u00e3o do atual governador Edilson Dami\u00e3o (Uni\u00e3o Brasil). A partir disso, a continuidade do julgamento depende da inclus\u00e3o [&hellip;]<\/p>\n","protected":false},"author":123458,"featured_media":9845,"comment_status":"closed","ping_status":"closed","sticky":false,"template":"","format":"standard","meta":{"footnotes":""},"categories":[19,31,20],"tags":[289,111,290,3210,1271,86,3108,93,233,269],"class_list":["post-9844","post","type-post","status-publish","format-standard","has-post-thumbnail","hentry","category-brasil","category-politica","category-roraima","tag-abuso-de-poder","tag-boa-vista","tag-cassacao","tag-damiao","tag-denarium","tag-governo-do-estado","tag-inelegibilidade","tag-roraima","tag-tre-rr","tag-tse"],"_links":{"self":[{"href":"https:\/\/amororaima.com.br\/index.php\/wp-json\/wp\/v2\/posts\/9844","targetHints":{"allow":["GET"]}}],"collection":[{"href":"https:\/\/amororaima.com.br\/index.php\/wp-json\/wp\/v2\/posts"}],"about":[{"href":"https:\/\/amororaima.com.br\/index.php\/wp-json\/wp\/v2\/types\/post"}],"author":[{"embeddable":true,"href":"https:\/\/amororaima.com.br\/index.php\/wp-json\/wp\/v2\/users\/123458"}],"replies":[{"embeddable":true,"href":"https:\/\/amororaima.com.br\/index.php\/wp-json\/wp\/v2\/comments?post=9844"}],"version-history":[{"count":1,"href":"https:\/\/amororaima.com.br\/index.php\/wp-json\/wp\/v2\/posts\/9844\/revisions"}],"predecessor-version":[{"id":9846,"href":"https:\/\/amororaima.com.br\/index.php\/wp-json\/wp\/v2\/posts\/9844\/revisions\/9846"}],"wp:featuredmedia":[{"embeddable":true,"href":"https:\/\/amororaima.com.br\/index.php\/wp-json\/wp\/v2\/media\/9845"}],"wp:attachment":[{"href":"https:\/\/amororaima.com.br\/index.php\/wp-json\/wp\/v2\/media?parent=9844"}],"wp:term":[{"taxonomy":"category","embeddable":true,"href":"https:\/\/amororaima.com.br\/index.php\/wp-json\/wp\/v2\/categories?post=9844"},{"taxonomy":"post_tag","embeddable":true,"href":"https:\/\/amororaima.com.br\/index.php\/wp-json\/wp\/v2\/tags?post=9844"}],"curies":[{"name":"wp","href":"https:\/\/api.w.org\/{rel}","templated":true}]}}