{"id":9838,"date":"2026-04-22T12:51:17","date_gmt":"2026-04-22T16:51:17","guid":{"rendered":"https:\/\/amororaima.com.br\/?p=9838"},"modified":"2026-04-22T12:51:17","modified_gmt":"2026-04-22T16:51:17","slug":"auxiliar-de-cozinha-e-preso-por-assassinar-motociclista-a-tiros-na-zona-oeste-de-boa-vista","status":"publish","type":"post","link":"https:\/\/amororaima.com.br\/index.php\/2026\/04\/22\/auxiliar-de-cozinha-e-preso-por-assassinar-motociclista-a-tiros-na-zona-oeste-de-boa-vista\/","title":{"rendered":"Auxiliar de cozinha \u00e9 preso por assassinar motociclista a tiros na zona oeste de Boa Vista"},"content":{"rendered":"\n<p>Um auxiliar de cozinha, de 26 anos, foi preso suspeito de matar o motociclista Jos\u00e9 Santiago Guerrero Gomez, de 34, na madrugada de domingo (19), no bairro Senador H\u00e9lio Campos, zona oeste de Boa Vista. As informa\u00e7\u00f5es foram divulgadas pela Pol\u00edcia Civil nesta ter\u00e7a-feira (21).<\/p>\n\n\n\n<p>A ocorr\u00eancia foi registrada inicialmente como acidente de tr\u00e2nsito ap\u00f3s uma testemunha acionar a Pol\u00edcia Militar por volta das 5h30, relatando a presen\u00e7a de um homem ca\u00eddo no ch\u00e3o.<\/p>\n\n\n\n<p>No local, equipes do Servi\u00e7o de Atendimento M\u00f3vel de Urg\u00eancia (Samu) identificaram sinais de viol\u00eancia, o que levou \u00e0 mudan\u00e7a na condu\u00e7\u00e3o do caso. A \u00e1rea foi isolada para an\u00e1lise dos peritos do Instituto de Criminal\u00edstica Perito Dimas Almeida (ICPDA).<\/p>\n\n\n\n<p>De acordo com o delegado Jo\u00e3o Evangelista, titular da Delegacia Geral de Homic\u00eddios (DGH), a v\u00edtima foi encontrada no canteiro central da Avenida S-24, ao lado da motocicleta, em uma cena inicialmente compat\u00edvel com acidente.<\/p>\n\n\n\n<p>Ainda conforme o delegado, foi poss\u00edvel constatar no local que os ferimentos eram causados por disparos de arma de fogo.<\/p>\n\n\n\n<p>\u201cA partir dessa constata\u00e7\u00e3o tanto da equipe do Samu quanto dos policiais que estavam no local, iniciamos imediatamente as dilig\u00eancias para identificar a din\u00e2mica do crime e localizar o autor\u201d, afirmou.<\/p>\n\n\n\n<p>As investiga\u00e7\u00f5es apontam que o crime ocorreu enquanto v\u00edtima e suspeito estavam em motocicletas. O autor teria se aproximado por tr\u00e1s, encostado o ve\u00edculo e efetuado os disparos.<\/p>\n\n\n\n<p>Ap\u00f3s o crime, o suspeito fugiu. Ele foi localizado posteriormente em uma \u00e1rea de invas\u00e3o entre os bairros Oper\u00e1rio e Senador H\u00e9lio Campos, de onde tentou escapar ao perceber a presen\u00e7a policial.<\/p>\n\n\n\n<p>A tentativa de fuga resultou em uma persegui\u00e7\u00e3o de aproximadamente um quil\u00f4metro. Durante o trajeto, o suspeito chegou a se lan\u00e7ar em uma vala, mas acabou sendo capturado pelos policiais.<\/p>\n\n\n\n<p>A motocicleta utilizada no crime foi apreendida. Ap\u00f3s ser levado \u00e0 sede da DGH, o suspeito confessou o homic\u00eddio e disse que havia sido amea\u00e7ado pela v\u00edtima dias antes.<\/p>\n\n\n\n<p>A Pol\u00edcia Civil informou que a motiva\u00e7\u00e3o pode estar relacionada a conflitos entre os envolvidos. Tamb\u00e9m foi confirmado que, antes do crime, os dois estavam juntos em uma distribuidora de bebidas no bairro Senador H\u00e9lio Campos.<\/p>\n\n\n\n<p>Ap\u00f3s deixarem o local, o suspeito seguiu a v\u00edtima e efetuou os disparos. O delegado Jo\u00e3o Evangelista autuou o jovem em flagrante por homic\u00eddio qualificado, pela trai\u00e7\u00e3o ou emboscada, com recurso que dificultou a defesa da v\u00edtima.<\/p>\n\n\n\n<p>O investigado foi apresentado nesta ter\u00e7a-feira em audi\u00eancia de cust\u00f3dia.<\/p>\n","protected":false},"excerpt":{"rendered":"<p>Um auxiliar de cozinha, de 26 anos, foi preso suspeito de matar o motociclista Jos\u00e9 Santiago Guerrero Gomez, de 34, na madrugada de domingo (19), no bairro Senador H\u00e9lio Campos, zona oeste de Boa Vista. As informa\u00e7\u00f5es foram divulgadas pela Pol\u00edcia Civil nesta ter\u00e7a-feira (21). A ocorr\u00eancia foi registrada inicialmente como acidente de tr\u00e2nsito ap\u00f3s [&hellip;]<\/p>\n","protected":false},"author":123458,"featured_media":9839,"comment_status":"closed","ping_status":"closed","sticky":false,"template":"","format":"standard","meta":{"footnotes":""},"categories":[34,20],"tags":[111,195,1281,4776,55,196,510,1509],"class_list":["post-9838","post","type-post","status-publish","format-standard","has-post-thumbnail","hentry","category-policia","category-roraima","tag-boa-vista","tag-dgh","tag-icpda","tag-operario","tag-policia-civil-2","tag-policia-militar-2","tag-samu","tag-senador-helio-campos"],"_links":{"self":[{"href":"https:\/\/amororaima.com.br\/index.php\/wp-json\/wp\/v2\/posts\/9838","targetHints":{"allow":["GET"]}}],"collection":[{"href":"https:\/\/amororaima.com.br\/index.php\/wp-json\/wp\/v2\/posts"}],"about":[{"href":"https:\/\/amororaima.com.br\/index.php\/wp-json\/wp\/v2\/types\/post"}],"author":[{"embeddable":true,"href":"https:\/\/amororaima.com.br\/index.php\/wp-json\/wp\/v2\/users\/123458"}],"replies":[{"embeddable":true,"href":"https:\/\/amororaima.com.br\/index.php\/wp-json\/wp\/v2\/comments?post=9838"}],"version-history":[{"count":4,"href":"https:\/\/amororaima.com.br\/index.php\/wp-json\/wp\/v2\/posts\/9838\/revisions"}],"predecessor-version":[{"id":9843,"href":"https:\/\/amororaima.com.br\/index.php\/wp-json\/wp\/v2\/posts\/9838\/revisions\/9843"}],"wp:featuredmedia":[{"embeddable":true,"href":"https:\/\/amororaima.com.br\/index.php\/wp-json\/wp\/v2\/media\/9839"}],"wp:attachment":[{"href":"https:\/\/amororaima.com.br\/index.php\/wp-json\/wp\/v2\/media?parent=9838"}],"wp:term":[{"taxonomy":"category","embeddable":true,"href":"https:\/\/amororaima.com.br\/index.php\/wp-json\/wp\/v2\/categories?post=9838"},{"taxonomy":"post_tag","embeddable":true,"href":"https:\/\/amororaima.com.br\/index.php\/wp-json\/wp\/v2\/tags?post=9838"}],"curies":[{"name":"wp","href":"https:\/\/api.w.org\/{rel}","templated":true}]}}