{"id":9835,"date":"2026-04-21T06:00:00","date_gmt":"2026-04-21T10:00:00","guid":{"rendered":"https:\/\/amororaima.com.br\/?p=9835"},"modified":"2026-04-20T20:25:15","modified_gmt":"2026-04-21T00:25:15","slug":"autodeclaracao-eleva-total-de-eleitores-indigenas-em-roraima","status":"publish","type":"post","link":"https:\/\/amororaima.com.br\/index.php\/2026\/04\/21\/autodeclaracao-eleva-total-de-eleitores-indigenas-em-roraima\/","title":{"rendered":"Autodeclara\u00e7\u00e3o eleva total de eleitores ind\u00edgenas em Roraima"},"content":{"rendered":"\n<p>A autodeclara\u00e7\u00e3o tem contribu\u00eddo para o crescimento do n\u00famero de eleitores ind\u00edgenas no Brasil. Entre mar\u00e7o de 2024 e mar\u00e7o de 2026, esse aumento foi de 68%, segundo o Tribunal Superior Eleitoral (TSE).<\/p>\n\n\n\n<p>Em Roraima, o crescimento tamb\u00e9m \u00e9 registrado e acompanha pol\u00edticas de inclus\u00e3o adotadas pela Justi\u00e7a Eleitoral.<\/p>\n\n\n\n<p>O estado se destacou nas elei\u00e7\u00f5es municipais de 2024 ao liderar proporcionalmente o n\u00famero de candidaturas ind\u00edgenas, com 7,10% do total.<\/p>\n\n\n\n<p>Os dados tamb\u00e9m mostram reflexos nos resultados eleitorais. Em 2024, o Brasil registrou 242 vereadores ind\u00edgenas eleitos em 134 cidades.<\/p>\n\n\n\n<p>O n\u00famero representa crescimento de 32% em rela\u00e7\u00e3o ao pleito anterior, conforme os dados dispon\u00edveis.<\/p>\n\n\n\n<p>A Justi\u00e7a Eleitoral reconhece atualmente 320 etnias ind\u00edgenas, o que permite um registro mais preciso da identidade dos eleitores.<\/p>\n\n\n\n<p>Em Roraima, munic\u00edpios como Normandia, Pacaraima e Amajari concentram grande parte desse eleitorado.<\/p>\n\n\n\n<p>Para ampliar o acesso ao voto, o Tribunal Regional Eleitoral de Roraima (TRE-RR) e o TSE adotam medidas voltadas \u00e0s popula\u00e7\u00f5es ind\u00edgenas.<\/p>\n\n\n\n<p>Entre essas medidas est\u00e3o a instala\u00e7\u00e3o de se\u00e7\u00f5es eleitorais em aldeias, a inclus\u00e3o de nome ind\u00edgena e etnia em documentos civis e a produ\u00e7\u00e3o de materiais informativos em l\u00ednguas origin\u00e1rias.<\/p>\n\n\n\n<p><strong><em>Com informa\u00e7\u00f5es de ac24horas<\/em><\/strong><\/p>\n","protected":false},"excerpt":{"rendered":"<p>A autodeclara\u00e7\u00e3o tem contribu\u00eddo para o crescimento do n\u00famero de eleitores ind\u00edgenas no Brasil. Entre mar\u00e7o de 2024 e mar\u00e7o de 2026, esse aumento foi de 68%, segundo o Tribunal Superior Eleitoral (TSE). Em Roraima, o crescimento tamb\u00e9m \u00e9 registrado e acompanha pol\u00edticas de inclus\u00e3o adotadas pela Justi\u00e7a Eleitoral. O estado se destacou nas elei\u00e7\u00f5es [&hellip;]<\/p>\n","protected":false},"author":123458,"featured_media":9836,"comment_status":"closed","ping_status":"closed","sticky":false,"template":"","format":"standard","meta":{"footnotes":""},"categories":[19,31,20],"tags":[329,5053,111,5052,340,676,657,277,93,233,269],"class_list":["post-9835","post","type-post","status-publish","format-standard","has-post-thumbnail","hentry","category-brasil","category-politica","category-roraima","tag-amajari","tag-autodeclaracao","tag-boa-vista","tag-eleitorado","tag-indigenas","tag-justica-eleitoral","tag-normandia","tag-pacaraima","tag-roraima","tag-tre-rr","tag-tse"],"_links":{"self":[{"href":"https:\/\/amororaima.com.br\/index.php\/wp-json\/wp\/v2\/posts\/9835","targetHints":{"allow":["GET"]}}],"collection":[{"href":"https:\/\/amororaima.com.br\/index.php\/wp-json\/wp\/v2\/posts"}],"about":[{"href":"https:\/\/amororaima.com.br\/index.php\/wp-json\/wp\/v2\/types\/post"}],"author":[{"embeddable":true,"href":"https:\/\/amororaima.com.br\/index.php\/wp-json\/wp\/v2\/users\/123458"}],"replies":[{"embeddable":true,"href":"https:\/\/amororaima.com.br\/index.php\/wp-json\/wp\/v2\/comments?post=9835"}],"version-history":[{"count":1,"href":"https:\/\/amororaima.com.br\/index.php\/wp-json\/wp\/v2\/posts\/9835\/revisions"}],"predecessor-version":[{"id":9837,"href":"https:\/\/amororaima.com.br\/index.php\/wp-json\/wp\/v2\/posts\/9835\/revisions\/9837"}],"wp:featuredmedia":[{"embeddable":true,"href":"https:\/\/amororaima.com.br\/index.php\/wp-json\/wp\/v2\/media\/9836"}],"wp:attachment":[{"href":"https:\/\/amororaima.com.br\/index.php\/wp-json\/wp\/v2\/media?parent=9835"}],"wp:term":[{"taxonomy":"category","embeddable":true,"href":"https:\/\/amororaima.com.br\/index.php\/wp-json\/wp\/v2\/categories?post=9835"},{"taxonomy":"post_tag","embeddable":true,"href":"https:\/\/amororaima.com.br\/index.php\/wp-json\/wp\/v2\/tags?post=9835"}],"curies":[{"name":"wp","href":"https:\/\/api.w.org\/{rel}","templated":true}]}}