{"id":9831,"date":"2026-04-21T07:30:00","date_gmt":"2026-04-21T11:30:00","guid":{"rendered":"https:\/\/amororaima.com.br\/?p=9831"},"modified":"2026-04-20T19:27:15","modified_gmt":"2026-04-20T23:27:15","slug":"servicos-de-registro-civil-sao-oferecidos-em-mutirao-da-dpe-rr-em-boa-vista","status":"publish","type":"post","link":"https:\/\/amororaima.com.br\/index.php\/2026\/04\/21\/servicos-de-registro-civil-sao-oferecidos-em-mutirao-da-dpe-rr-em-boa-vista\/","title":{"rendered":"Servi\u00e7os de registro civil s\u00e3o oferecidos em mutir\u00e3o da DPE-RR em Boa Vista"},"content":{"rendered":"\n<p>A regulariza\u00e7\u00e3o de documentos civis \u00e9 o foco do mutir\u00e3o \u201cDireito de Existir\u201d, que ocorre entre esta quarta-feira (22) e sexta-feira (24), na Pra\u00e7a do Centro C\u00edvico, em Boa Vista. A iniciativa \u00e9 promovida pela Defensoria P\u00fablica do Estado de Roraima (DPE-RR) e atende das 9h \u00e0s 16h.<\/p>\n\n\n\n<p>A a\u00e7\u00e3o \u00e9 destinada a pessoas que possuem problemas na certid\u00e3o de nascimento ou que nunca foram registradas, situa\u00e7\u00e3o que impede o acesso a outros documentos e servi\u00e7os. Em Roraima, o mutir\u00e3o tamb\u00e9m contempla povos origin\u00e1rios e popula\u00e7\u00e3o n\u00e3o ind\u00edgena.<\/p>\n\n\n\n<p>A Defensoria P\u00fablica orienta que os interessados levem documentos pessoais dispon\u00edveis, como Cadastro de Pessoa F\u00edsica (CPF), Registro Geral (RG) e comprovante de resid\u00eancia. Para solicita\u00e7\u00f5es espec\u00edficas, como inclus\u00e3o de etnia, \u00e9 necess\u00e1rio apresentar documenta\u00e7\u00e3o comprobat\u00f3ria.<\/p>\n\n\n\n<p>Segundo o coordenador da Defensoria Itinerante, R\u00e9gis Braga, a iniciativa busca atender principalmente quem n\u00e3o possui registro civil, considerado essencial para o exerc\u00edcio da cidadania.<\/p>\n\n\n\n<p>\u201cO &#8216;Direito de Existir&#8217; \u00e9 uma a\u00e7\u00e3o em que visamos dar cidadania para a popula\u00e7\u00e3o que tenha algum problema com seu registro de nascimento ou certid\u00e3o, seja por necessidade de retifica\u00e7\u00e3o, restaura\u00e7\u00e3o ou assentamento tardio. Sem o registro, a pessoa n\u00e3o consegue emitir outros documentos, ent\u00e3o \u00e9 a forma que a defensoria buscou de promover cidadania\u201d, disse.<\/p>\n\n\n\n<p>O mutir\u00e3o re\u00fane diferentes \u00f3rg\u00e3os para viabilizar os atendimentos. Est\u00e3o entre os parceiros o Instituto de Identifica\u00e7\u00e3o, a Receita Federal e a Vara da Justi\u00e7a Itinerante do Tribunal de Justi\u00e7a de Roraima (TJRR).<\/p>\n\n\n\n<p>Os cart\u00f3rios do 1\u00ba e 2\u00ba Of\u00edcio de Boa Vista tamb\u00e9m participam da iniciativa, oferecendo suporte para procedimentos relacionados ao registro civil durante os tr\u00eas dias de atendimento.<\/p>\n\n\n\n<p>Entre os servi\u00e7os disponibilizados est\u00e3o a emiss\u00e3o de segunda via de certid\u00f5es de nascimento, casamento e \u00f3bito, al\u00e9m da restaura\u00e7\u00e3o de registros civis em casos de documentos extraviados ou cart\u00f3rios extintos.<\/p>\n\n\n\n<p>Tamb\u00e9m s\u00e3o realizados assentamentos tardios de nascimento e \u00f3bito, a\u00e7\u00f5es de anula\u00e7\u00e3o de registros por duplicidade e altera\u00e7\u00f5es de nome e prenome.<\/p>\n\n\n\n<p>O p\u00fablico pode ainda solicitar a emiss\u00e3o da nova Carteira de Identidade Nacional (CIN) e regularizar o CPF, ampliando o acesso a documentos b\u00e1sicos.<\/p>\n\n\n\n<p>A iniciativa busca reduzir o n\u00famero de pessoas sem documenta\u00e7\u00e3o em Roraima e facilitar o acesso a servi\u00e7os que exigem identifica\u00e7\u00e3o civil.<\/p>\n","protected":false},"excerpt":{"rendered":"<p>A regulariza\u00e7\u00e3o de documentos civis \u00e9 o foco do mutir\u00e3o \u201cDireito de Existir\u201d, que ocorre entre esta quarta-feira (22) e sexta-feira (24), na Pra\u00e7a do Centro C\u00edvico, em Boa Vista. A iniciativa \u00e9 promovida pela Defensoria P\u00fablica do Estado de Roraima (DPE-RR) e atende das 9h \u00e0s 16h. A a\u00e7\u00e3o \u00e9 destinada a pessoas que [&hellip;]<\/p>\n","protected":false},"author":123458,"featured_media":9832,"comment_status":"closed","ping_status":"closed","sticky":false,"template":"","format":"standard","meta":{"footnotes":""},"categories":[174,20],"tags":[5050,111,3648,5051,503,2596,369,3113,2716,1515,93,239,1297],"class_list":["post-9831","post","type-post","status-publish","format-standard","has-post-thumbnail","hentry","category-direitos-humanos","category-roraima","tag-direito-de-existir","tag-boa-vista","tag-cartorios","tag-cin","tag-cpf","tag-defensoria-itinerante","tag-dpe-rr","tag-instituto-de-identificacao","tag-mutirao","tag-receita-federal","tag-roraima","tag-tjrr","tag-vara-da-justica-itinerante"],"_links":{"self":[{"href":"https:\/\/amororaima.com.br\/index.php\/wp-json\/wp\/v2\/posts\/9831","targetHints":{"allow":["GET"]}}],"collection":[{"href":"https:\/\/amororaima.com.br\/index.php\/wp-json\/wp\/v2\/posts"}],"about":[{"href":"https:\/\/amororaima.com.br\/index.php\/wp-json\/wp\/v2\/types\/post"}],"author":[{"embeddable":true,"href":"https:\/\/amororaima.com.br\/index.php\/wp-json\/wp\/v2\/users\/123458"}],"replies":[{"embeddable":true,"href":"https:\/\/amororaima.com.br\/index.php\/wp-json\/wp\/v2\/comments?post=9831"}],"version-history":[{"count":1,"href":"https:\/\/amororaima.com.br\/index.php\/wp-json\/wp\/v2\/posts\/9831\/revisions"}],"predecessor-version":[{"id":9833,"href":"https:\/\/amororaima.com.br\/index.php\/wp-json\/wp\/v2\/posts\/9831\/revisions\/9833"}],"wp:featuredmedia":[{"embeddable":true,"href":"https:\/\/amororaima.com.br\/index.php\/wp-json\/wp\/v2\/media\/9832"}],"wp:attachment":[{"href":"https:\/\/amororaima.com.br\/index.php\/wp-json\/wp\/v2\/media?parent=9831"}],"wp:term":[{"taxonomy":"category","embeddable":true,"href":"https:\/\/amororaima.com.br\/index.php\/wp-json\/wp\/v2\/categories?post=9831"},{"taxonomy":"post_tag","embeddable":true,"href":"https:\/\/amororaima.com.br\/index.php\/wp-json\/wp\/v2\/tags?post=9831"}],"curies":[{"name":"wp","href":"https:\/\/api.w.org\/{rel}","templated":true}]}}