{"id":9813,"date":"2026-04-17T11:46:37","date_gmt":"2026-04-17T15:46:37","guid":{"rendered":"https:\/\/amororaima.com.br\/?p=9813"},"modified":"2026-04-17T11:46:37","modified_gmt":"2026-04-17T15:46:37","slug":"ficco-cumpre-mandados-de-busca-e-prisao-e-mira-nucleo-do-pcc-em-operacao-em-roraima-e-santa-catarina","status":"publish","type":"post","link":"https:\/\/amororaima.com.br\/index.php\/2026\/04\/17\/ficco-cumpre-mandados-de-busca-e-prisao-e-mira-nucleo-do-pcc-em-operacao-em-roraima-e-santa-catarina\/","title":{"rendered":"FICCO cumpre mandados de busca e pris\u00e3o e mira n\u00facleo do PCC em opera\u00e7\u00e3o em Roraima e Santa Catarina"},"content":{"rendered":"\n<p>A For\u00e7a Integrada de Combate ao Crime Organizado (FICCO) cumpre, nesta sexta-feira (17), 22 mandados de pris\u00e3o preventiva e 14 de busca e apreens\u00e3o contra integrantes da fac\u00e7\u00e3o Primeiro Comando da Capital (PCC) em Roraima e Santa Catarina.<\/p>\n\n\n\n<p>A Opera\u00e7\u00e3o Virago ocorre simultaneamente nos munic\u00edpios de Boa Vista, Mucaja\u00ed, Caracara\u00ed e Rorain\u00f3polis, em Roraima, al\u00e9m de Crici\u00fama, em Santa Catarina. As investiga\u00e7\u00f5es apontam uma estrutura voltada \u00e0 organiza\u00e7\u00e3o, coordena\u00e7\u00e3o e financiamento de atividades criminosas, com destaque para o tr\u00e1fico de drogas.<\/p>\n\n\n\n<p>O grupo tamb\u00e9m \u00e9 investigado por envolvimento em homic\u00eddios, estelionato, roubos e furtos, conforme informa\u00e7\u00f5es levantadas pelas for\u00e7as de seguran\u00e7a.<\/p>\n\n\n\n<p>Dos 22 investigados, 17 s\u00e3o mulheres e cinco s\u00e3o homens. Elas s\u00e3o identificadas como integrantes do \u201cSetor da Feminina\u201d, n\u00facleo com atua\u00e7\u00e3o estrat\u00e9gica dentro da fac\u00e7\u00e3o.<\/p>\n\n\n\n<p>Segundo as investiga\u00e7\u00f5es, ao menos duas das suspeitas participaram diretamente de homic\u00eddios em Roraima, incluindo casos envolvendo um mototaxista sequestrado e um adolescente.<\/p>\n\n\n\n<p>A FICCO\/RR \u00e9 coordenada pela Pol\u00edcia Federal e composta por Pol\u00edcia Militar, Pol\u00edcia Civil, Pol\u00edcia Penal e pelas secretarias de Seguran\u00e7a P\u00fablica (Sesp) e da Justi\u00e7a e da Cidadania (Sejuc).<\/p>\n","protected":false},"excerpt":{"rendered":"<p>A For\u00e7a Integrada de Combate ao Crime Organizado (FICCO) cumpre, nesta sexta-feira (17), 22 mandados de pris\u00e3o preventiva e 14 de busca e apreens\u00e3o contra integrantes da fac\u00e7\u00e3o Primeiro Comando da Capital (PCC) em Roraima e Santa Catarina. A Opera\u00e7\u00e3o Virago ocorre simultaneamente nos munic\u00edpios de Boa Vista, Mucaja\u00ed, Caracara\u00ed e Rorain\u00f3polis, em Roraima, al\u00e9m [&hellip;]<\/p>\n","protected":false},"author":123458,"featured_media":9814,"comment_status":"closed","ping_status":"closed","sticky":false,"template":"","format":"standard","meta":{"footnotes":""},"categories":[19,34,20],"tags":[111,236,5043,1261,94,5042,1492,55,278,196,1106,93,227,1594,143,141],"class_list":["post-9813","post","type-post","status-publish","format-standard","has-post-thumbnail","hentry","category-brasil","category-policia","category-roraima","tag-boa-vista","tag-caracarai","tag-criciuma","tag-ficco","tag-mucajai","tag-operacao-virago","tag-pcc","tag-policia-civil-2","tag-policia-federal","tag-policia-militar-2","tag-policia-penal","tag-roraima","tag-rorainopolis","tag-santa-catarina","tag-sejuc","tag-sesp"],"_links":{"self":[{"href":"https:\/\/amororaima.com.br\/index.php\/wp-json\/wp\/v2\/posts\/9813","targetHints":{"allow":["GET"]}}],"collection":[{"href":"https:\/\/amororaima.com.br\/index.php\/wp-json\/wp\/v2\/posts"}],"about":[{"href":"https:\/\/amororaima.com.br\/index.php\/wp-json\/wp\/v2\/types\/post"}],"author":[{"embeddable":true,"href":"https:\/\/amororaima.com.br\/index.php\/wp-json\/wp\/v2\/users\/123458"}],"replies":[{"embeddable":true,"href":"https:\/\/amororaima.com.br\/index.php\/wp-json\/wp\/v2\/comments?post=9813"}],"version-history":[{"count":1,"href":"https:\/\/amororaima.com.br\/index.php\/wp-json\/wp\/v2\/posts\/9813\/revisions"}],"predecessor-version":[{"id":9815,"href":"https:\/\/amororaima.com.br\/index.php\/wp-json\/wp\/v2\/posts\/9813\/revisions\/9815"}],"wp:featuredmedia":[{"embeddable":true,"href":"https:\/\/amororaima.com.br\/index.php\/wp-json\/wp\/v2\/media\/9814"}],"wp:attachment":[{"href":"https:\/\/amororaima.com.br\/index.php\/wp-json\/wp\/v2\/media?parent=9813"}],"wp:term":[{"taxonomy":"category","embeddable":true,"href":"https:\/\/amororaima.com.br\/index.php\/wp-json\/wp\/v2\/categories?post=9813"},{"taxonomy":"post_tag","embeddable":true,"href":"https:\/\/amororaima.com.br\/index.php\/wp-json\/wp\/v2\/tags?post=9813"}],"curies":[{"name":"wp","href":"https:\/\/api.w.org\/{rel}","templated":true}]}}