{"id":9797,"date":"2026-04-16T19:46:27","date_gmt":"2026-04-16T23:46:27","guid":{"rendered":"https:\/\/amororaima.com.br\/?p=9797"},"modified":"2026-04-16T19:46:27","modified_gmt":"2026-04-16T23:46:27","slug":"suspeito-de-tentar-matar-mulher-a-facadas-apos-discussao-por-dinheiro-e-preso-em-sao-joao-da-baliza","status":"publish","type":"post","link":"https:\/\/amororaima.com.br\/index.php\/2026\/04\/16\/suspeito-de-tentar-matar-mulher-a-facadas-apos-discussao-por-dinheiro-e-preso-em-sao-joao-da-baliza\/","title":{"rendered":"Suspeito de tentar matar mulher a facadas ap\u00f3s discuss\u00e3o por dinheiro \u00e9 preso em S\u00e3o Jo\u00e3o da Baliza"},"content":{"rendered":"\n<p>Um venezuelano de 43 anos foi preso nesta quinta-feira (16), em S\u00e3o Jo\u00e3o da Baliza, no sul de Roraima, suspeito de tentar matar a companheira a facadas ap\u00f3s uma discuss\u00e3o por dinheiro.<\/p>\n\n\n\n<p>O crime aconteceu no dia 3, na zona urbana do munic\u00edpio. A v\u00edtima, de 47 anos, tamb\u00e9m venezuelana, foi atingida no rosto e nos bra\u00e7os durante a agress\u00e3o.<\/p>\n\n\n\n<p>Segundo relato feito \u00e0 Pol\u00edcia Militar, o suspeito a questionou sobre um valor que teria sido enviado por seu empregador. Ao negar o recebimento, ela afirmou que o homem se exaltou e passou a atac\u00e1-la com uma faca.<\/p>\n\n\n\n<p>Ap\u00f3s a agress\u00e3o, o suspeito fugiu. A v\u00edtima foi socorrida por uma equipe do Servi\u00e7o de Atendimento M\u00f3vel de Urg\u00eancia (Samu) e levada para atendimento m\u00e9dico.<\/p>\n\n\n\n<p>A Pol\u00edcia Civil representou pela pris\u00e3o preventiva do investigado ap\u00f3s reunir elementos sobre o caso.<\/p>\n\n\n\n<p>\u201cDiante da gravidade dos fatos, representamos pela pris\u00e3o preventiva do investigado, medida que foi acolhida pelo Judici\u00e1rio, possibilitando a atua\u00e7\u00e3o mais c\u00e9lere das equipes policiais\u201d, afirmou o delegado Ricardo Andr\u00e9 Mendes.<\/p>\n\n\n\n<p>O suspeito foi conduzido \u00e0 delegacia do munic\u00edpio, onde teve a pris\u00e3o formalizada e, ap\u00f3s audi\u00eancia de cust\u00f3dia, ficar\u00e1 \u00e0 disposi\u00e7\u00e3o da Justi\u00e7a, devendo responder por tentativa de feminic\u00eddio.<\/p>\n","protected":false},"excerpt":{"rendered":"<p>Um venezuelano de 43 anos foi preso nesta quinta-feira (16), em S\u00e3o Jo\u00e3o da Baliza, no sul de Roraima, suspeito de tentar matar a companheira a facadas ap\u00f3s uma discuss\u00e3o por dinheiro. O crime aconteceu no dia 3, na zona urbana do munic\u00edpio. A v\u00edtima, de 47 anos, tamb\u00e9m venezuelana, foi atingida no rosto e [&hellip;]<\/p>\n","protected":false},"author":123458,"featured_media":9798,"comment_status":"closed","ping_status":"closed","sticky":false,"template":"","format":"standard","meta":{"footnotes":""},"categories":[34,20],"tags":[203,55,196,93,510,1184,608],"class_list":["post-9797","post","type-post","status-publish","format-standard","has-post-thumbnail","hentry","category-policia","category-roraima","tag-audiencia-de-custodia","tag-policia-civil-2","tag-policia-militar-2","tag-roraima","tag-samu","tag-sao-joao-da-baliza","tag-tentativa-de-feminicidio"],"_links":{"self":[{"href":"https:\/\/amororaima.com.br\/index.php\/wp-json\/wp\/v2\/posts\/9797","targetHints":{"allow":["GET"]}}],"collection":[{"href":"https:\/\/amororaima.com.br\/index.php\/wp-json\/wp\/v2\/posts"}],"about":[{"href":"https:\/\/amororaima.com.br\/index.php\/wp-json\/wp\/v2\/types\/post"}],"author":[{"embeddable":true,"href":"https:\/\/amororaima.com.br\/index.php\/wp-json\/wp\/v2\/users\/123458"}],"replies":[{"embeddable":true,"href":"https:\/\/amororaima.com.br\/index.php\/wp-json\/wp\/v2\/comments?post=9797"}],"version-history":[{"count":1,"href":"https:\/\/amororaima.com.br\/index.php\/wp-json\/wp\/v2\/posts\/9797\/revisions"}],"predecessor-version":[{"id":9799,"href":"https:\/\/amororaima.com.br\/index.php\/wp-json\/wp\/v2\/posts\/9797\/revisions\/9799"}],"wp:featuredmedia":[{"embeddable":true,"href":"https:\/\/amororaima.com.br\/index.php\/wp-json\/wp\/v2\/media\/9798"}],"wp:attachment":[{"href":"https:\/\/amororaima.com.br\/index.php\/wp-json\/wp\/v2\/media?parent=9797"}],"wp:term":[{"taxonomy":"category","embeddable":true,"href":"https:\/\/amororaima.com.br\/index.php\/wp-json\/wp\/v2\/categories?post=9797"},{"taxonomy":"post_tag","embeddable":true,"href":"https:\/\/amororaima.com.br\/index.php\/wp-json\/wp\/v2\/tags?post=9797"}],"curies":[{"name":"wp","href":"https:\/\/api.w.org\/{rel}","templated":true}]}}