{"id":9793,"date":"2026-04-16T13:36:42","date_gmt":"2026-04-16T17:36:42","guid":{"rendered":"https:\/\/amororaima.com.br\/?p=9793"},"modified":"2026-04-16T13:36:42","modified_gmt":"2026-04-16T17:36:42","slug":"covid-19-roraima-recebe-4-404-doses-e-ministerio-da-saude-reforca-esquema-vacinal-no-pais","status":"publish","type":"post","link":"https:\/\/amororaima.com.br\/index.php\/2026\/04\/16\/covid-19-roraima-recebe-4-404-doses-e-ministerio-da-saude-reforca-esquema-vacinal-no-pais\/","title":{"rendered":"Covid-19: Roraima recebe 4.404 doses e Minist\u00e9rio da Sa\u00fade refor\u00e7a esquema vacinal no pa\u00eds"},"content":{"rendered":"\n<p>Roraima recebeu nesta semana 4.404 doses da vacina contra a covid-19, em uma nova remessa nacional do Minist\u00e9rio da Sa\u00fade que totaliza mais de 2,2 milh\u00f5es de doses distribu\u00eddas a estados e ao Distrito Federal.<\/p>\n\n\n\n<p>O envio integra um total de 6,3 milh\u00f5es de doses distribu\u00eddas nos primeiros meses de 2026, com estoques considerados garantidos pela pasta.<\/p>\n\n\n\n<p>As vacinas do Sistema \u00danico de Sa\u00fade (SUS) s\u00e3o atualizadas contra as cepas em circula\u00e7\u00e3o e priorizam grupos de risco.<\/p>\n\n\n\n<p>\u201cAs vacinas continuam sendo a principal forma de prevenir casos graves, hospitaliza\u00e7\u00f5es e mortes pela doen\u00e7a. O Brasil tem doses suficientes e segue garantindo o acesso da popula\u00e7\u00e3o \u00e0 imuniza\u00e7\u00e3o\u201d, afirmou Eder Gatti, diretor do Programa Nacional de Imuniza\u00e7\u00f5es.<\/p>\n\n\n\n<p>A distribui\u00e7\u00e3o segue o modelo de pauta autom\u00e1tica, considerando popula\u00e7\u00e3o-alvo e doses j\u00e1 aplicadas. A responsabilidade pela aplica\u00e7\u00e3o e log\u00edstica local \u00e9 de estados e munic\u00edpios. Em casos espec\u00edficos, pode haver solicita\u00e7\u00e3o de doses adicionais ao Minist\u00e9rio da Sa\u00fade.<\/p>\n\n\n\n<p>Entre janeiro e mar\u00e7o, foram enviadas 4,1 milh\u00f5es de doses ao pa\u00eds, com 2 milh\u00f5es aplicadas. Roraima recebeu 32.402 doses no per\u00edodo.<\/p>\n\n\n\n<p>O esquema de vacina\u00e7\u00e3o inclui diferentes p\u00fablicos: idosos, gestantes, crian\u00e7as, imunocomprometidos e popula\u00e7\u00e3o geral.<\/p>\n\n\n\n<p>Idosos devem tomar duas doses com intervalo de seis meses. Gestantes recebem uma dose por gesta\u00e7\u00e3o. Crian\u00e7as seguem esquema de duas ou tr\u00eas doses.<\/p>\n\n\n\n<p>Imunocomprometidos recebem tr\u00eas doses iniciais e refor\u00e7o semestral. Pessoas de 5 a 59 anos recebem uma dose caso n\u00e3o tenham esquema pr\u00e9vio.<\/p>\n\n\n\n<p>Tamb\u00e9m s\u00e3o contemplados profissionais da sa\u00fade, ind\u00edgenas, quilombolas, ribeirinhos, pessoas em situa\u00e7\u00e3o de rua, privados de liberdade e trabalhadores dos Correios.<\/p>\n\n\n\n<p>A recomenda\u00e7\u00e3o \u00e9 procurar uma unidade de sa\u00fade para atualiza\u00e7\u00e3o da vacina\u00e7\u00e3o. A covid-19, causada pelo SARS-CoV-2, segue como infec\u00e7\u00e3o respirat\u00f3ria com risco de agravamento.<\/p>\n\n\n\n<p>At\u00e9 11 de abril de 2026, foram registrados 62.586 casos de s\u00edndrome gripal e 30.871 de SRAG, com 1.456 casos de covid-19 e 188 mortes entre os \u00f3bitos notificados.<\/p>\n","protected":false},"excerpt":{"rendered":"<p>Roraima recebeu nesta semana 4.404 doses da vacina contra a covid-19, em uma nova remessa nacional do Minist\u00e9rio da Sa\u00fade que totaliza mais de 2,2 milh\u00f5es de doses distribu\u00eddas a estados e ao Distrito Federal. O envio integra um total de 6,3 milh\u00f5es de doses distribu\u00eddas nos primeiros meses de 2026, com estoques considerados garantidos [&hellip;]<\/p>\n","protected":false},"author":123458,"featured_media":9794,"comment_status":"closed","ping_status":"closed","sticky":false,"template":"","format":"standard","meta":{"footnotes":""},"categories":[19,20,27],"tags":[187,2056,128,93,1240,190,1208],"class_list":["post-9793","post","type-post","status-publish","format-standard","has-post-thumbnail","hentry","category-brasil","category-roraima","category-saude","tag-covid-19","tag-infeccao-respiratoria","tag-ministerio-da-saude","tag-roraima","tag-sars-cov-2","tag-srag","tag-sus"],"_links":{"self":[{"href":"https:\/\/amororaima.com.br\/index.php\/wp-json\/wp\/v2\/posts\/9793","targetHints":{"allow":["GET"]}}],"collection":[{"href":"https:\/\/amororaima.com.br\/index.php\/wp-json\/wp\/v2\/posts"}],"about":[{"href":"https:\/\/amororaima.com.br\/index.php\/wp-json\/wp\/v2\/types\/post"}],"author":[{"embeddable":true,"href":"https:\/\/amororaima.com.br\/index.php\/wp-json\/wp\/v2\/users\/123458"}],"replies":[{"embeddable":true,"href":"https:\/\/amororaima.com.br\/index.php\/wp-json\/wp\/v2\/comments?post=9793"}],"version-history":[{"count":1,"href":"https:\/\/amororaima.com.br\/index.php\/wp-json\/wp\/v2\/posts\/9793\/revisions"}],"predecessor-version":[{"id":9795,"href":"https:\/\/amororaima.com.br\/index.php\/wp-json\/wp\/v2\/posts\/9793\/revisions\/9795"}],"wp:featuredmedia":[{"embeddable":true,"href":"https:\/\/amororaima.com.br\/index.php\/wp-json\/wp\/v2\/media\/9794"}],"wp:attachment":[{"href":"https:\/\/amororaima.com.br\/index.php\/wp-json\/wp\/v2\/media?parent=9793"}],"wp:term":[{"taxonomy":"category","embeddable":true,"href":"https:\/\/amororaima.com.br\/index.php\/wp-json\/wp\/v2\/categories?post=9793"},{"taxonomy":"post_tag","embeddable":true,"href":"https:\/\/amororaima.com.br\/index.php\/wp-json\/wp\/v2\/tags?post=9793"}],"curies":[{"name":"wp","href":"https:\/\/api.w.org\/{rel}","templated":true}]}}