{"id":9789,"date":"2026-04-16T12:56:47","date_gmt":"2026-04-16T16:56:47","guid":{"rendered":"https:\/\/amororaima.com.br\/?p=9789"},"modified":"2026-04-16T12:56:47","modified_gmt":"2026-04-16T16:56:47","slug":"edital-da-seed-oferta-720-vagas-em-cursos-tecnicos-em-areas-como-informatica-e-agronegocio","status":"publish","type":"post","link":"https:\/\/amororaima.com.br\/index.php\/2026\/04\/16\/edital-da-seed-oferta-720-vagas-em-cursos-tecnicos-em-areas-como-informatica-e-agronegocio\/","title":{"rendered":"Edital da Seed oferta 720 vagas em cursos t\u00e9cnicos em \u00e1reas como inform\u00e1tica e agroneg\u00f3cio"},"content":{"rendered":"\n<p>A Secretaria Estadual de Educa\u00e7\u00e3o e Desporto (Seed) abriu <a href=\"https:\/\/educacao.rr.gov.br\/edital-no-42-2026-seed-gab-rr\/\" target=\"_blank\" rel=\"noreferrer noopener\"><strong>edital<\/strong><\/a> com 720 vagas para cursos t\u00e9cnicos gratuitos em Roraima. As inscri\u00e7\u00f5es seguem at\u00e9 26 de abril e devem ser feitas exclusivamente pelo <a href=\"https:\/\/educacao.rr.gov.br\/\" target=\"_blank\" rel=\"noreferrer noopener\"><strong>site da secretaria<\/strong><\/a>, na \u00e1rea de servi\u00e7os e editais.<\/p>\n\n\n\n<p>Entre os cursos ofertados est\u00e3o administra\u00e7\u00e3o, recursos humanos, marketing, log\u00edstica, inform\u00e1tica e agroneg\u00f3cio. A sele\u00e7\u00e3o ser\u00e1 feita por sorteio p\u00fablico, conforme previsto no edital.<\/p>\n\n\n\n<p>A Escola Estadual de Educa\u00e7\u00e3o Profissional Bar\u00e3o de Parima, no bairro Calung\u00e1, em Boa Vista, ser\u00e1 o local onde os cursos ser\u00e3o realizados. A unidade escolar passa por reforma geral e ser\u00e1 reinaugurada equipada e mobiliada, segundo a Seed. As atividades t\u00eam in\u00edcio previsto ainda no primeiro semestre deste ano.<\/p>\n\n\n\n<p>\u201cA iniciativa faz parte da implementa\u00e7\u00e3o de pol\u00edticas estrat\u00e9gicas voltadas \u00e0 amplia\u00e7\u00e3o e qualifica\u00e7\u00e3o da oferta de educa\u00e7\u00e3o profissional e tecnol\u00f3gica no \u00e2mbito nacional\u201d, afirmou Adriana do Valle, mobilizadora da Educa\u00e7\u00e3o Profissional e Tecnol\u00f3gica no estado.<\/p>\n\n\n\n<p>Podem participar candidatos que j\u00e1 conclu\u00edram o Ensino M\u00e9dio ou estudantes a partir da segunda s\u00e9rie. As aulas ocorrer\u00e3o nos turnos matutino, vespertino e noturno.<\/p>\n\n\n\n<p>O edital integra o programa \u201cJuros por Educa\u00e7\u00e3o\u201d, que permite a renegocia\u00e7\u00e3o de d\u00edvidas estaduais com a Uni\u00e3o. O Minist\u00e9rio da Educa\u00e7\u00e3o (MEC) afirma que o programa busca expandir matr\u00edculas e fortalecer a forma\u00e7\u00e3o profissional no pa\u00eds.<\/p>\n","protected":false},"excerpt":{"rendered":"<p>A Secretaria Estadual de Educa\u00e7\u00e3o e Desporto (Seed) abriu edital com 720 vagas para cursos t\u00e9cnicos gratuitos em Roraima. As inscri\u00e7\u00f5es seguem at\u00e9 26 de abril e devem ser feitas exclusivamente pelo site da secretaria, na \u00e1rea de servi\u00e7os e editais. Entre os cursos ofertados est\u00e3o administra\u00e7\u00e3o, recursos humanos, marketing, log\u00edstica, inform\u00e1tica e agroneg\u00f3cio. A [&hellip;]<\/p>\n","protected":false},"author":123458,"featured_media":9790,"comment_status":"closed","ping_status":"closed","sticky":false,"template":"","format":"standard","meta":{"footnotes":""},"categories":[29,20],"tags":[5026,111,2442,5027,5025,866,93,235],"class_list":["post-9789","post","type-post","status-publish","format-standard","has-post-thumbnail","hentry","category-educacao","category-roraima","tag-juros-por-educacao","tag-boa-vista","tag-calunga","tag-educacao-profissional","tag-escola-barao-de-parima","tag-mec","tag-roraima","tag-seed"],"_links":{"self":[{"href":"https:\/\/amororaima.com.br\/index.php\/wp-json\/wp\/v2\/posts\/9789","targetHints":{"allow":["GET"]}}],"collection":[{"href":"https:\/\/amororaima.com.br\/index.php\/wp-json\/wp\/v2\/posts"}],"about":[{"href":"https:\/\/amororaima.com.br\/index.php\/wp-json\/wp\/v2\/types\/post"}],"author":[{"embeddable":true,"href":"https:\/\/amororaima.com.br\/index.php\/wp-json\/wp\/v2\/users\/123458"}],"replies":[{"embeddable":true,"href":"https:\/\/amororaima.com.br\/index.php\/wp-json\/wp\/v2\/comments?post=9789"}],"version-history":[{"count":1,"href":"https:\/\/amororaima.com.br\/index.php\/wp-json\/wp\/v2\/posts\/9789\/revisions"}],"predecessor-version":[{"id":9791,"href":"https:\/\/amororaima.com.br\/index.php\/wp-json\/wp\/v2\/posts\/9789\/revisions\/9791"}],"wp:featuredmedia":[{"embeddable":true,"href":"https:\/\/amororaima.com.br\/index.php\/wp-json\/wp\/v2\/media\/9790"}],"wp:attachment":[{"href":"https:\/\/amororaima.com.br\/index.php\/wp-json\/wp\/v2\/media?parent=9789"}],"wp:term":[{"taxonomy":"category","embeddable":true,"href":"https:\/\/amororaima.com.br\/index.php\/wp-json\/wp\/v2\/categories?post=9789"},{"taxonomy":"post_tag","embeddable":true,"href":"https:\/\/amororaima.com.br\/index.php\/wp-json\/wp\/v2\/tags?post=9789"}],"curies":[{"name":"wp","href":"https:\/\/api.w.org\/{rel}","templated":true}]}}