{"id":9784,"date":"2026-04-16T11:40:45","date_gmt":"2026-04-16T15:40:45","guid":{"rendered":"https:\/\/amororaima.com.br\/?p=9784"},"modified":"2026-04-16T11:40:45","modified_gmt":"2026-04-16T15:40:45","slug":"policia-prende-suspeito-de-matar-jovem-em-sao-joao-da-baliza","status":"publish","type":"post","link":"https:\/\/amororaima.com.br\/index.php\/2026\/04\/16\/policia-prende-suspeito-de-matar-jovem-em-sao-joao-da-baliza\/","title":{"rendered":"Pol\u00edcia prende suspeito de matar jovem em S\u00e3o Jo\u00e3o da Baliza"},"content":{"rendered":"\n<p>O suspeito de um homic\u00eddio ocorrido em S\u00e3o Jo\u00e3o da Baliza foi preso preventivamente nesta quarta-feira (15), no sul de Roraima. A v\u00edtima, Weverton de Jesus Gomes, tinha 24 anos.<\/p>\n\n\n\n<p>O jovem foi morto a facadas no in\u00edcio do m\u00eas. No dia do crime, um morador encontrou a v\u00edtima ca\u00edda e acionou a Pol\u00edcia Militar. Weverton apresentava ferimentos sob o bra\u00e7o e foi socorrido pelo Samu, mas morreu no hospital.<\/p>\n\n\n\n<p>O suspeito, de 22 anos, foi conduzido \u00e0 delegacia no dia seguinte ao crime. Ele prestou depoimento e acabou sendo liberado, j\u00e1 que n\u00e3o havia flagrante nem mandado judicial.<\/p>\n\n\n\n<p>Com o avan\u00e7o das investiga\u00e7\u00f5es, a Pol\u00edcia Civil reuniu elementos que levaram ao pedido de pris\u00e3o preventiva.<\/p>\n\n\n\n<p>\u201cEle foi apresentado inicialmente, mas n\u00e3o havia situa\u00e7\u00e3o de flagrante nem mandado em aberto naquele momento. Com o aprofundamento das dilig\u00eancias, reunimos elementos consistentes que fundamentaram a representa\u00e7\u00e3o pela pris\u00e3o preventiva, prontamente deferida pela Justi\u00e7a. As investiga\u00e7\u00f5es seguem agora para a fase de consolida\u00e7\u00e3o dos elementos probat\u00f3rios e finaliza\u00e7\u00e3o do inqu\u00e9rito\u201d, afirmou o delegado Ricardo Andr\u00e9 Mendes.<\/p>\n\n\n\n<p>O mandado foi expedido na ter\u00e7a-feira (14) e cumprido no dia seguinte. O suspeito deve passar por audi\u00eancia de cust\u00f3dia nesta quinta-feira (16).<\/p>\n","protected":false},"excerpt":{"rendered":"<p>O suspeito de um homic\u00eddio ocorrido em S\u00e3o Jo\u00e3o da Baliza foi preso preventivamente nesta quarta-feira (15), no sul de Roraima. A v\u00edtima, Weverton de Jesus Gomes, tinha 24 anos. O jovem foi morto a facadas no in\u00edcio do m\u00eas. No dia do crime, um morador encontrou a v\u00edtima ca\u00edda e acionou a Pol\u00edcia Militar. [&hellip;]<\/p>\n","protected":false},"author":123458,"featured_media":9785,"comment_status":"closed","ping_status":"closed","sticky":false,"template":"","format":"standard","meta":{"footnotes":""},"categories":[34,20],"tags":[203,99,62,4510,55,988,93,510,1184],"class_list":["post-9784","post","type-post","status-publish","format-standard","has-post-thumbnail","hentry","category-policia","category-roraima","tag-audiencia-de-custodia","tag-homicidio","tag-justica","tag-mandado","tag-policia-civil-2","tag-prisao-preventiva","tag-roraima","tag-samu","tag-sao-joao-da-baliza"],"_links":{"self":[{"href":"https:\/\/amororaima.com.br\/index.php\/wp-json\/wp\/v2\/posts\/9784","targetHints":{"allow":["GET"]}}],"collection":[{"href":"https:\/\/amororaima.com.br\/index.php\/wp-json\/wp\/v2\/posts"}],"about":[{"href":"https:\/\/amororaima.com.br\/index.php\/wp-json\/wp\/v2\/types\/post"}],"author":[{"embeddable":true,"href":"https:\/\/amororaima.com.br\/index.php\/wp-json\/wp\/v2\/users\/123458"}],"replies":[{"embeddable":true,"href":"https:\/\/amororaima.com.br\/index.php\/wp-json\/wp\/v2\/comments?post=9784"}],"version-history":[{"count":2,"href":"https:\/\/amororaima.com.br\/index.php\/wp-json\/wp\/v2\/posts\/9784\/revisions"}],"predecessor-version":[{"id":9787,"href":"https:\/\/amororaima.com.br\/index.php\/wp-json\/wp\/v2\/posts\/9784\/revisions\/9787"}],"wp:featuredmedia":[{"embeddable":true,"href":"https:\/\/amororaima.com.br\/index.php\/wp-json\/wp\/v2\/media\/9785"}],"wp:attachment":[{"href":"https:\/\/amororaima.com.br\/index.php\/wp-json\/wp\/v2\/media?parent=9784"}],"wp:term":[{"taxonomy":"category","embeddable":true,"href":"https:\/\/amororaima.com.br\/index.php\/wp-json\/wp\/v2\/categories?post=9784"},{"taxonomy":"post_tag","embeddable":true,"href":"https:\/\/amororaima.com.br\/index.php\/wp-json\/wp\/v2\/tags?post=9784"}],"curies":[{"name":"wp","href":"https:\/\/api.w.org\/{rel}","templated":true}]}}