{"id":9320,"date":"2026-03-17T13:31:43","date_gmt":"2026-03-17T17:31:43","guid":{"rendered":"https:\/\/amororaima.com.br\/?p=9320"},"modified":"2026-03-17T13:31:43","modified_gmt":"2026-03-17T17:31:43","slug":"nova-lei-obriga-verificacao-de-idade-em-aplicativos-e-redes-sociais-a-partir-desta-terca-feira","status":"publish","type":"post","link":"https:\/\/amororaima.com.br\/index.php\/2026\/03\/17\/nova-lei-obriga-verificacao-de-idade-em-aplicativos-e-redes-sociais-a-partir-desta-terca-feira\/","title":{"rendered":"Nova lei obriga verifica\u00e7\u00e3o de idade em aplicativos e redes sociais a partir desta ter\u00e7a-feira"},"content":{"rendered":"\n<p>A Lei n\u00ba 15.211\/2025, que institui o Estatuto Digital da Crian\u00e7a e do Adolescente, entrou em vigor nesta ter\u00e7a-feira (17) e passa a exigir que plataformas digitais verifiquem a idade de seus usu\u00e1rios.<\/p>\n\n\n\n<p>A medida tem como objetivo limitar o acesso de menores de idade a conte\u00fados impr\u00f3prios e aumentar a prote\u00e7\u00e3o no ambiente digital.<\/p>\n\n\n\n<p>Com a nova regra, aplicativos, redes sociais e servi\u00e7os online deixam de depender exclusivamente da autodeclara\u00e7\u00e3o de idade, considerada suscet\u00edvel a fraudes.<\/p>\n\n\n\n<p>As empresas dever\u00e3o adotar mecanismos mais seguros para comprovar a idade dos usu\u00e1rios.<\/p>\n\n\n\n<p>Para o CEO da ProtegeID, Leandro Kitamura, a mudan\u00e7a exige adapta\u00e7\u00e3o r\u00e1pida por parte das plataformas.<\/p>\n\n\n\n<p>\u201cDurante anos, a internet funcionou com base na autodeclara\u00e7\u00e3o, que \u00e9 f\u00e1cil de burlar. Agora, a legisla\u00e7\u00e3o exige que as empresas adotem solu\u00e7\u00f5es mais robustas para comprovar a idade dos usu\u00e1rios\u201d, aponta.<\/p>\n\n\n\n<p>Ele afirma que a implementa\u00e7\u00e3o pode impactar o crescimento das plataformas.<\/p>\n\n\n\n<p>\u201cEm testes preliminares realizados por empresas do setor, observamos que a introdu\u00e7\u00e3o da verifica\u00e7\u00e3o pode reduzir cadastros em at\u00e9 50% quando implementada sem estrat\u00e9gia. Por isso, o desafio n\u00e3o \u00e9 apenas cumprir a lei, mas faz\u00ea-lo de forma inteligente, equilibrando prote\u00e7\u00e3o, privacidade e experi\u00eancia do usu\u00e1rio\u201d, explica.<\/p>\n\n\n\n<p>O Estatuto Digital da Crian\u00e7a e do Adolescente foi sancionado em setembro de 2025 pelo presidente Luiz In\u00e1cio Lula da Silva.<\/p>\n\n\n\n<p>A proposta foi impulsionada por den\u00fancias sobre a exposi\u00e7\u00e3o de crian\u00e7as e adolescentes em redes sociais.<\/p>\n\n\n\n<p>O criador de conte\u00fado Felipe Bressanim Pereira, o Felca, teve atua\u00e7\u00e3o ao evidenciar casos de abuso envolvendo menores.<\/p>\n\n\n\n<p>As investiga\u00e7\u00f5es resultaram na condena\u00e7\u00e3o do influenciador digital Hytalo Santos.<\/p>\n\n\n\n<p>A lei prev\u00ea puni\u00e7\u00f5es para plataformas que descumprirem as regras, incluindo multas proporcionais ao faturamento e restri\u00e7\u00f5es operacionais.<\/p>\n\n\n\n<p>Em casos mais graves, poder\u00e1 haver bloqueio do servi\u00e7o no Brasil.<\/p>\n\n\n\n<p>A fiscaliza\u00e7\u00e3o ficar\u00e1 a cargo da Ag\u00eancia Nacional de Prote\u00e7\u00e3o de Dados (ANPD).<\/p>\n\n\n\n<p><strong><em>Com informa\u00e7\u00f5es do Correio Braziliense<\/em><\/strong><\/p>\n","protected":false},"excerpt":{"rendered":"<p>A Lei n\u00ba 15.211\/2025, que institui o Estatuto Digital da Crian\u00e7a e do Adolescente, entrou em vigor nesta ter\u00e7a-feira (17) e passa a exigir que plataformas digitais verifiquem a idade de seus usu\u00e1rios. A medida tem como objetivo limitar o acesso de menores de idade a conte\u00fados impr\u00f3prios e aumentar a prote\u00e7\u00e3o no ambiente digital. [&hellip;]<\/p>\n","protected":false},"author":123458,"featured_media":9321,"comment_status":"closed","ping_status":"closed","sticky":false,"template":"","format":"standard","meta":{"footnotes":""},"categories":[19,35],"tags":[4814,3109,4815,4820,1233,4817,4819,4816,93],"class_list":["post-9320","post","type-post","status-publish","format-standard","has-post-thumbnail","hentry","category-brasil","category-tecnologia","tag-lei-felca","tag-adolescentes","tag-adultizacao","tag-anpd","tag-criancas","tag-eca-digital","tag-internet","tag-lei-no-15-211-2025","tag-roraima"],"_links":{"self":[{"href":"https:\/\/amororaima.com.br\/index.php\/wp-json\/wp\/v2\/posts\/9320","targetHints":{"allow":["GET"]}}],"collection":[{"href":"https:\/\/amororaima.com.br\/index.php\/wp-json\/wp\/v2\/posts"}],"about":[{"href":"https:\/\/amororaima.com.br\/index.php\/wp-json\/wp\/v2\/types\/post"}],"author":[{"embeddable":true,"href":"https:\/\/amororaima.com.br\/index.php\/wp-json\/wp\/v2\/users\/123458"}],"replies":[{"embeddable":true,"href":"https:\/\/amororaima.com.br\/index.php\/wp-json\/wp\/v2\/comments?post=9320"}],"version-history":[{"count":1,"href":"https:\/\/amororaima.com.br\/index.php\/wp-json\/wp\/v2\/posts\/9320\/revisions"}],"predecessor-version":[{"id":9322,"href":"https:\/\/amororaima.com.br\/index.php\/wp-json\/wp\/v2\/posts\/9320\/revisions\/9322"}],"wp:featuredmedia":[{"embeddable":true,"href":"https:\/\/amororaima.com.br\/index.php\/wp-json\/wp\/v2\/media\/9321"}],"wp:attachment":[{"href":"https:\/\/amororaima.com.br\/index.php\/wp-json\/wp\/v2\/media?parent=9320"}],"wp:term":[{"taxonomy":"category","embeddable":true,"href":"https:\/\/amororaima.com.br\/index.php\/wp-json\/wp\/v2\/categories?post=9320"},{"taxonomy":"post_tag","embeddable":true,"href":"https:\/\/amororaima.com.br\/index.php\/wp-json\/wp\/v2\/tags?post=9320"}],"curies":[{"name":"wp","href":"https:\/\/api.w.org\/{rel}","templated":true}]}}