{"id":9288,"date":"2026-03-13T06:00:00","date_gmt":"2026-03-13T10:00:00","guid":{"rendered":"https:\/\/amororaima.com.br\/?p=9288"},"modified":"2026-03-12T22:42:06","modified_gmt":"2026-03-13T02:42:06","slug":"funai-inaugura-base-estrategica-para-fiscalizacao-de-terras-yanomami-em-roraima","status":"publish","type":"post","link":"https:\/\/amororaima.com.br\/index.php\/2026\/03\/13\/funai-inaugura-base-estrategica-para-fiscalizacao-de-terras-yanomami-em-roraima\/","title":{"rendered":"Funai inaugura base estrat\u00e9gica para fiscaliza\u00e7\u00e3o de terras Yanomami em Roraima"},"content":{"rendered":"\n<p>A Funda\u00e7\u00e3o Nacional dos Povos Ind\u00edgenas (Funai) inaugurou, nesta semana, a Base de Prote\u00e7\u00e3o Etnoambiental (Bape) Pakilapi, localizada na Comunidade Palimi\u00fa, \u00e0s margens do rio Uraricoera, em Roraima.<\/p>\n\n\n\n<p>A unidade integra a rede de vigil\u00e2ncia territorial da Funai e apoiar\u00e1 opera\u00e7\u00f5es conjuntas com \u00f3rg\u00e3os de seguran\u00e7a p\u00fablica e institui\u00e7\u00f5es federais, refor\u00e7ando a presen\u00e7a do Estado em \u00e1reas de fronteira ambiental e territorial.<\/p>\n\n\n\n<p><strong>Participa\u00e7\u00e3o de autoridades e associa\u00e7\u00f5es<\/strong><\/p>\n\n\n\n<p>Estiveram presentes representantes da Funai, Casa de Governo de Roraima, Distrito Sanit\u00e1rio Especial Ind\u00edgena Yanomami (Dsei-Yanomami), Ex\u00e9rcito Brasileiro, al\u00e9m de associa\u00e7\u00f5es ind\u00edgenas como Hutukara, Seduume e Urihi.<\/p>\n\n\n\n<p>A presidente da Funai, Joenia Wapichana, destacou a import\u00e2ncia institucional da base.<\/p>\n\n\n\n<p>\u201cA estrutura refor\u00e7a a seguran\u00e7a para que a Terra Ind\u00edgena Yanomami se mantenha protegida, livre de invas\u00f5es e com a presen\u00e7a permanente das equipes de fiscaliza\u00e7\u00e3o. \u00c9 mais uma atividade de fortalecimento institucional da Funai\u201d, afirmou.<\/p>\n\n\n\n<p><strong>Vigil\u00e2ncia comunit\u00e1ria e hist\u00f3rica<\/strong><\/p>\n\n\n\n<p>Davi Kopenawa, presidente da Hutukara Associa\u00e7\u00e3o Yanomami, afirmou que a base fortalece a prote\u00e7\u00e3o feita pelas pr\u00f3prias comunidades.<\/p>\n\n\n\n<p>\u201cEssa casa \u00e9 muito importante para a prote\u00e7\u00e3o da nossa terra. Sem presen\u00e7a permanente, n\u00e3o h\u00e1 como vigiar e proteger o territ\u00f3rio. Este lugar \u00e9 hist\u00f3rico e ser\u00e1 lembrado. Nossos jovens ter\u00e3o aqui um espa\u00e7o para continuar defendendo o nosso territ\u00f3rio\u201d, disse.<\/p>\n\n\n\n<p><strong>Controle log\u00edstico e combate ao garimpo<\/strong><\/p>\n\n\n\n<p>A base funcionar\u00e1 como ponto permanente de controle fluvial, bloqueando rotas de abastecimento de estruturas ilegais de minera\u00e7\u00e3o. Tamb\u00e9m servir\u00e1 de apoio log\u00edstico a aeronaves de asa rotativa em opera\u00e7\u00f5es interinstitucionais de fiscaliza\u00e7\u00e3o e desintrus\u00e3o.<\/p>\n\n\n\n<p>Segundo Janete Carvalho, diretora de Prote\u00e7\u00e3o Territorial da Funai, a localiza\u00e7\u00e3o da Bape Pakilapi \u00e9 estrat\u00e9gica.<\/p>\n\n\n\n<p>\u201cDesde 2023, com a retomada das a\u00e7\u00f5es de prote\u00e7\u00e3o na Terra Ind\u00edgena Yanomami, a Funai tem investido em estrat\u00e9gias para combater o garimpo e a prote\u00e7\u00e3o territorial. A Bape Pakilapi se torna um ponto central para proteger a entrada do garimpo pelo rio Uraricoera. Essa iniciativa, em conjunto com as for\u00e7as de seguran\u00e7a e demais \u00f3rg\u00e3os governamentais, demonstra o esfor\u00e7o coletivo do governo brasileiro na prote\u00e7\u00e3o das terras ind\u00edgenas\u201d, disse.<\/p>\n\n\n\n<p><strong>Estrutura e capacidade operacional<\/strong><\/p>\n\n\n\n<p>A base possui alojamento para at\u00e9 32 pessoas, entre servidores da Funai e agentes de \u00f3rg\u00e3os parceiros, garantindo atua\u00e7\u00e3o cont\u00ednua no territ\u00f3rio. O investimento foi de R$ 1,7 milh\u00e3o. Pol\u00edcia Federal, For\u00e7a Nacional e Ibama atuar\u00e3o na unidade, que foi projetada para opera\u00e7\u00f5es em \u00e1reas remotas.<\/p>\n\n\n\n<p>Nilton Tubino, diretor da Casa de Governo em Roraima, afirmou que a unidade refor\u00e7a o controle territorial e contribui para a redu\u00e7\u00e3o do garimpo. Junior Hekurari, presidente da Urihi Associa\u00e7\u00e3o Yanomami, ressaltou que a base garante a presen\u00e7a do Estado no territ\u00f3rio.<\/p>\n\n\n\n<p><strong>Atendimento a decis\u00f5es judiciais<\/strong><\/p>\n\n\n\n<p>A Bape Pakilapi atende \u00e0s Argui\u00e7\u00f5es de Descumprimento de Preceitos Fundamentais (ADPFs) n\u00ba 709 e n\u00ba 991, determinadas pelo Supremo Tribunal Federal (STF).<\/p>\n\n\n\n<p>A ADPF n\u00ba 709 prev\u00ea prote\u00e7\u00e3o \u00e0 popula\u00e7\u00e3o Yanomami e a\u00e7\u00f5es de desintrus\u00e3o em diversas terras ind\u00edgenas, enquanto a ADPF n\u00ba 991 garante prote\u00e7\u00e3o integral de territ\u00f3rios com povos isolados ou de recente contato, incluindo os Yanomami.<\/p>\n","protected":false},"excerpt":{"rendered":"<p>A Funda\u00e7\u00e3o Nacional dos Povos Ind\u00edgenas (Funai) inaugurou, nesta semana, a Base de Prote\u00e7\u00e3o Etnoambiental (Bape) Pakilapi, localizada na Comunidade Palimi\u00fa, \u00e0s margens do rio Uraricoera, em Roraima. A unidade integra a rede de vigil\u00e2ncia territorial da Funai e apoiar\u00e1 opera\u00e7\u00f5es conjuntas com \u00f3rg\u00e3os de seguran\u00e7a p\u00fablica e institui\u00e7\u00f5es federais, refor\u00e7ando a presen\u00e7a do Estado [&hellip;]<\/p>\n","protected":false},"author":123458,"featured_media":9289,"comment_status":"closed","ping_status":"closed","sticky":false,"template":"","format":"standard","meta":{"footnotes":""},"categories":[19,28,20],"tags":[2165,4794,4792,4793,4790,91,4789,373,330,4796,300,807,806,278,873,93,272,4791,4795,3681],"class_list":["post-9288","post","type-post","status-publish","format-standard","has-post-thumbnail","hentry","category-brasil","category-geral","category-roraima","tag-adpf-709","tag-adpf-991","tag-arariboia","tag-aripuna","tag-base-pakilapi","tag-casa-de-governo","tag-comunidade-palimiu","tag-forca-nacional","tag-funai","tag-hutukara","tag-ibama","tag-kayapo","tag-munduruku","tag-policia-federal","tag-rio-uraricoera","tag-roraima","tag-terra-yanomami","tag-trincheira-bacaja","tag-urihi","tag-uru-eu-wau-wau"],"_links":{"self":[{"href":"https:\/\/amororaima.com.br\/index.php\/wp-json\/wp\/v2\/posts\/9288","targetHints":{"allow":["GET"]}}],"collection":[{"href":"https:\/\/amororaima.com.br\/index.php\/wp-json\/wp\/v2\/posts"}],"about":[{"href":"https:\/\/amororaima.com.br\/index.php\/wp-json\/wp\/v2\/types\/post"}],"author":[{"embeddable":true,"href":"https:\/\/amororaima.com.br\/index.php\/wp-json\/wp\/v2\/users\/123458"}],"replies":[{"embeddable":true,"href":"https:\/\/amororaima.com.br\/index.php\/wp-json\/wp\/v2\/comments?post=9288"}],"version-history":[{"count":1,"href":"https:\/\/amororaima.com.br\/index.php\/wp-json\/wp\/v2\/posts\/9288\/revisions"}],"predecessor-version":[{"id":9290,"href":"https:\/\/amororaima.com.br\/index.php\/wp-json\/wp\/v2\/posts\/9288\/revisions\/9290"}],"wp:featuredmedia":[{"embeddable":true,"href":"https:\/\/amororaima.com.br\/index.php\/wp-json\/wp\/v2\/media\/9289"}],"wp:attachment":[{"href":"https:\/\/amororaima.com.br\/index.php\/wp-json\/wp\/v2\/media?parent=9288"}],"wp:term":[{"taxonomy":"category","embeddable":true,"href":"https:\/\/amororaima.com.br\/index.php\/wp-json\/wp\/v2\/categories?post=9288"},{"taxonomy":"post_tag","embeddable":true,"href":"https:\/\/amororaima.com.br\/index.php\/wp-json\/wp\/v2\/tags?post=9288"}],"curies":[{"name":"wp","href":"https:\/\/api.w.org\/{rel}","templated":true}]}}