{"id":9274,"date":"2026-03-12T11:20:17","date_gmt":"2026-03-12T15:20:17","guid":{"rendered":"https:\/\/amororaima.com.br\/?p=9274"},"modified":"2026-03-12T11:20:17","modified_gmt":"2026-03-12T15:20:17","slug":"brasil-cria-mais-de-10-mil-leitos-no-sus-desde-2023-e-rede-de-roraima-chega-a-1-481-unidades-ativas","status":"publish","type":"post","link":"https:\/\/amororaima.com.br\/index.php\/2026\/03\/12\/brasil-cria-mais-de-10-mil-leitos-no-sus-desde-2023-e-rede-de-roraima-chega-a-1-481-unidades-ativas\/","title":{"rendered":"Brasil cria mais de 10 mil leitos no SUS desde 2023 e rede de Roraima chega a 1.481 unidades ativas"},"content":{"rendered":"\n<p>O Sistema \u00danico de Sa\u00fade (SUS) registrou a cria\u00e7\u00e3o de mais de 10 mil novos leitos hospitalares desde 2023 e superou a marca de 360,4 mil em funcionamento no pa\u00eds. Os dados foram divulgados esta semana pelo governo federal. No mesmo per\u00edodo, a rede p\u00fablica de sa\u00fade em Roraima recebeu 111 novos leitos, passando a contar com 1.481 unidades ativas.<\/p>\n\n\n\n<p>A amplia\u00e7\u00e3o faz parte de uma retomada no crescimento da estrutura hospitalar do sistema p\u00fablico.<\/p>\n\n\n\n<p>\u201cDepois de mais de uma d\u00e9cada, o SUS voltou a crescer de forma sustent\u00e1vel. A amplia\u00e7\u00e3o de leitos mostra que estamos reconstruindo e fortalecendo a capacidade da rede p\u00fablica de atender a popula\u00e7\u00e3o em todas as regi\u00f5es do pa\u00eds. Nosso compromisso \u00e9 garantir uma expans\u00e3o permanente, com planejamento e investimento cont\u00ednuo, sem retrocessos\u201d, afirma o ministro da Sa\u00fade, Alexandre Padilha.<\/p>\n\n\n\n<p><strong>Capacidade cir\u00fargica ampliada<\/strong><\/p>\n\n\n\n<p>Dos 10.057 leitos criados desde 2023, cerca de 74,9% foram destinados \u00e0 \u00e1rea cir\u00fargica.<\/p>\n\n\n\n<p>Em Roraima, a rede p\u00fablica conta com cerca de 200 leitos cir\u00fargicos.<\/p>\n\n\n\n<p>O aumento da estrutura hospitalar contribuiu para que o SUS registrasse recorde hist\u00f3rico de cirurgias eletivas em 2025.<\/p>\n\n\n\n<p>Ao longo do ano foram realizados 14,7 milh\u00f5es de procedimentos em todo o pa\u00eds.<\/p>\n\n\n\n<p>O n\u00famero representa crescimento de 42% em compara\u00e7\u00e3o com o total de cirurgias realizadas em 2022.<\/p>\n\n\n\n<p>De acordo com o Minist\u00e9rio da Sa\u00fade, o resultado est\u00e1 relacionado \u00e0s a\u00e7\u00f5es do programa Agora Tem Especialistas.<\/p>\n\n\n\n<p>O programa busca ampliar a oferta de consultas, exames e cirurgias no SUS e reduzir o tempo de espera para esses procedimentos.<\/p>\n\n\n\n<p><strong>Expans\u00e3o de servi\u00e7os e investimentos<\/strong><\/p>\n\n\n\n<p>Al\u00e9m dos leitos cir\u00fargicos, tamb\u00e9m houve amplia\u00e7\u00e3o de leitos cl\u00ednicos, hospital-dia e servi\u00e7os complementares.<\/p>\n\n\n\n<p>Essas estruturas s\u00e3o voltadas ao acompanhamento de pacientes que necessitam de maior monitoramento e \u00e0 realiza\u00e7\u00e3o de procedimentos mais complexos.<\/p>\n\n\n\n<p>Segundo o Minist\u00e9rio da Sa\u00fade, a expans\u00e3o da rede considera fatores estruturais do sistema de sa\u00fade.<\/p>\n\n\n\n<p>Entre eles est\u00e3o avan\u00e7os tecnol\u00f3gicos que reduzem o tempo m\u00e9dio de interna\u00e7\u00e3o por meio de t\u00e9cnicas menos invasivas.<\/p>\n\n\n\n<p>Tamb\u00e9m s\u00e3o considerados a implementa\u00e7\u00e3o da reforma psiqui\u00e1trica, com fechamento progressivo de leitos hospitalares e amplia\u00e7\u00e3o da rede substitutiva, al\u00e9m da redu\u00e7\u00e3o da taxa de natalidade.<\/p>\n\n\n\n<p>No Novo PAC Sa\u00fade est\u00e3o previstas 36 novas maternidades e 31 Centros de Parto Normal.<\/p>\n\n\n\n<p>O investimento total previsto \u00e9 de R$ 4,8 bilh\u00f5es.<\/p>\n\n\n\n<p>O or\u00e7amento destinado \u00e0 sa\u00fade mental cresceu 70% e alcan\u00e7ou R$ 2,9 bilh\u00f5es.<\/p>\n\n\n\n<p>No per\u00edodo, foram habilitados 653 novos servi\u00e7os.<\/p>\n\n\n\n<p>Na assist\u00eancia obst\u00e9trica, o custeio de leitos neonatais aumentou 230% por meio da Rede Alyne, lan\u00e7ada em 2024 com foco na assist\u00eancia a gestantes e beb\u00eas.<\/p>\n","protected":false},"excerpt":{"rendered":"<p>O Sistema \u00danico de Sa\u00fade (SUS) registrou a cria\u00e7\u00e3o de mais de 10 mil novos leitos hospitalares desde 2023 e superou a marca de 360,4 mil em funcionamento no pa\u00eds. Os dados foram divulgados esta semana pelo governo federal. No mesmo per\u00edodo, a rede p\u00fablica de sa\u00fade em Roraima recebeu 111 novos leitos, passando a [&hellip;]<\/p>\n","protected":false},"author":123458,"featured_media":9275,"comment_status":"closed","ping_status":"closed","sticky":false,"template":"","format":"standard","meta":{"footnotes":""},"categories":[19,20,27],"tags":[3231,4783,4781,128,3193,1366,4782,3478,1208],"class_list":["post-9274","post","type-post","status-publish","format-standard","has-post-thumbnail","hentry","category-brasil","category-roraima","category-saude","tag-agora-tem-especialistas","tag-cirurgias","tag-leitos","tag-ministerio-da-saude","tag-novo-pac-saude","tag-rede-alyne","tag-rede-materno-infantil","tag-saude-mental","tag-sus"],"_links":{"self":[{"href":"https:\/\/amororaima.com.br\/index.php\/wp-json\/wp\/v2\/posts\/9274","targetHints":{"allow":["GET"]}}],"collection":[{"href":"https:\/\/amororaima.com.br\/index.php\/wp-json\/wp\/v2\/posts"}],"about":[{"href":"https:\/\/amororaima.com.br\/index.php\/wp-json\/wp\/v2\/types\/post"}],"author":[{"embeddable":true,"href":"https:\/\/amororaima.com.br\/index.php\/wp-json\/wp\/v2\/users\/123458"}],"replies":[{"embeddable":true,"href":"https:\/\/amororaima.com.br\/index.php\/wp-json\/wp\/v2\/comments?post=9274"}],"version-history":[{"count":2,"href":"https:\/\/amororaima.com.br\/index.php\/wp-json\/wp\/v2\/posts\/9274\/revisions"}],"predecessor-version":[{"id":9277,"href":"https:\/\/amororaima.com.br\/index.php\/wp-json\/wp\/v2\/posts\/9274\/revisions\/9277"}],"wp:featuredmedia":[{"embeddable":true,"href":"https:\/\/amororaima.com.br\/index.php\/wp-json\/wp\/v2\/media\/9275"}],"wp:attachment":[{"href":"https:\/\/amororaima.com.br\/index.php\/wp-json\/wp\/v2\/media?parent=9274"}],"wp:term":[{"taxonomy":"category","embeddable":true,"href":"https:\/\/amororaima.com.br\/index.php\/wp-json\/wp\/v2\/categories?post=9274"},{"taxonomy":"post_tag","embeddable":true,"href":"https:\/\/amororaima.com.br\/index.php\/wp-json\/wp\/v2\/tags?post=9274"}],"curies":[{"name":"wp","href":"https:\/\/api.w.org\/{rel}","templated":true}]}}