{"id":9270,"date":"2026-03-12T06:00:00","date_gmt":"2026-03-12T10:00:00","guid":{"rendered":"https:\/\/amororaima.com.br\/?p=9270"},"modified":"2026-03-12T09:49:41","modified_gmt":"2026-03-12T13:49:41","slug":"saida-de-mecias-de-jesus-do-senado-abre-vaga-para-suplente-roberta-acioly-ate-2027","status":"publish","type":"post","link":"https:\/\/amororaima.com.br\/index.php\/2026\/03\/12\/saida-de-mecias-de-jesus-do-senado-abre-vaga-para-suplente-roberta-acioly-ate-2027\/","title":{"rendered":"Sa\u00edda de Mecias de Jesus do Senado abre vaga para suplente Roberta Acioly at\u00e9 2027"},"content":{"rendered":"\n<p>A ren\u00fancia do senador Mecias de Jesus (Republicanos-RR) abriu espa\u00e7o para a posse da enfermeira e ex-vereadora Roberta Acioly (Republicanos-RR) no Senado. Ela assumiu o mandato nesta quarta-feira (11) e permanecer\u00e1 no cargo at\u00e9 janeiro de 2027.<\/p>\n\n\n\n<p>A mudan\u00e7a ocorre porque Mecias foi indicado para ocupar o cargo de conselheiro no Tribunal de Contas do Estado de Roraima (TCE-RR).<\/p>\n\n\n\n<p>O parlamentar tamb\u00e9m exercia a fun\u00e7\u00e3o de l\u00edder do Republicanos no Senado antes de renunciar ao mandato.<\/p>\n\n\n\n<p>A posse no TCE-RR est\u00e1 marcada para 16 de mar\u00e7o.<\/p>\n\n\n\n<p>No TCE-RR, Mecias de Jesus ocupar\u00e1 a vaga deixada pelo conselheiro Manoel Dantas, que se aposentou em junho de 2025.<\/p>\n\n\n\n<p>O cargo de conselheiro \u00e9 vital\u00edcio, com aposentadoria compuls\u00f3ria prevista para os 75 anos de idade.<\/p>\n\n\n\n<p>Atualmente com 64 anos, Mecias poder\u00e1 permanecer no cargo por at\u00e9 11 anos.<\/p>\n\n\n\n<p>O sal\u00e1rio atual de um conselheiro do TCE-RR \u00e9 de R$ 39.717,69.<\/p>\n\n\n\n<p><strong>Forma\u00e7\u00e3o e carreira<\/strong><\/p>\n\n\n\n<p>A nova senadora, Roberta Acioly, tem 46 anos e nasceu em Santo Andr\u00e9, no estado de S\u00e3o Paulo.<\/p>\n\n\n\n<p>Ela vive em Roraima desde os 24 anos, onde desenvolveu sua trajet\u00f3ria profissional e pol\u00edtica.<\/p>\n\n\n\n<p>Roberta possui forma\u00e7\u00e3o t\u00e9cnica e acad\u00eamica na \u00e1rea da sa\u00fade e \u00e9 enfermeira, cirurgi\u00e3-dentista e mestre em sa\u00fade coletiva.<\/p>\n\n\n\n<p>Durante nove anos, trabalhou na Estrat\u00e9gia Sa\u00fade da Fam\u00edlia.<\/p>\n\n\n\n<p>Tamb\u00e9m foi secret\u00e1ria municipal de Sa\u00fade em S\u00e3o Luiz do Anau\u00e1, munic\u00edpio localizado no sul do estado.<\/p>\n\n\n\n<p>Antes de chegar ao Senado como suplente, exerceu mandato como vereadora na mesma cidade.<\/p>\n","protected":false},"excerpt":{"rendered":"<p>A ren\u00fancia do senador Mecias de Jesus (Republicanos-RR) abriu espa\u00e7o para a posse da enfermeira e ex-vereadora Roberta Acioly (Republicanos-RR) no Senado. Ela assumiu o mandato nesta quarta-feira (11) e permanecer\u00e1 no cargo at\u00e9 janeiro de 2027. A mudan\u00e7a ocorre porque Mecias foi indicado para ocupar o cargo de conselheiro no Tribunal de Contas do [&hellip;]<\/p>\n","protected":false},"author":123458,"featured_media":9271,"comment_status":"closed","ping_status":"closed","sticky":false,"template":"","format":"standard","meta":{"footnotes":""},"categories":[19,31,20],"tags":[1317,2968,4779,690,435,4778,1079],"class_list":["post-9270","post","type-post","status-publish","format-standard","has-post-thumbnail","hentry","category-brasil","category-politica","category-roraima","tag-mecias-de-jesus","tag-republicanos","tag-roberta-acioly","tag-sao-luiz-do-anaua","tag-senado","tag-suplente","tag-tce-rr"],"_links":{"self":[{"href":"https:\/\/amororaima.com.br\/index.php\/wp-json\/wp\/v2\/posts\/9270","targetHints":{"allow":["GET"]}}],"collection":[{"href":"https:\/\/amororaima.com.br\/index.php\/wp-json\/wp\/v2\/posts"}],"about":[{"href":"https:\/\/amororaima.com.br\/index.php\/wp-json\/wp\/v2\/types\/post"}],"author":[{"embeddable":true,"href":"https:\/\/amororaima.com.br\/index.php\/wp-json\/wp\/v2\/users\/123458"}],"replies":[{"embeddable":true,"href":"https:\/\/amororaima.com.br\/index.php\/wp-json\/wp\/v2\/comments?post=9270"}],"version-history":[{"count":1,"href":"https:\/\/amororaima.com.br\/index.php\/wp-json\/wp\/v2\/posts\/9270\/revisions"}],"predecessor-version":[{"id":9272,"href":"https:\/\/amororaima.com.br\/index.php\/wp-json\/wp\/v2\/posts\/9270\/revisions\/9272"}],"wp:featuredmedia":[{"embeddable":true,"href":"https:\/\/amororaima.com.br\/index.php\/wp-json\/wp\/v2\/media\/9271"}],"wp:attachment":[{"href":"https:\/\/amororaima.com.br\/index.php\/wp-json\/wp\/v2\/media?parent=9270"}],"wp:term":[{"taxonomy":"category","embeddable":true,"href":"https:\/\/amororaima.com.br\/index.php\/wp-json\/wp\/v2\/categories?post=9270"},{"taxonomy":"post_tag","embeddable":true,"href":"https:\/\/amororaima.com.br\/index.php\/wp-json\/wp\/v2\/tags?post=9270"}],"curies":[{"name":"wp","href":"https:\/\/api.w.org\/{rel}","templated":true}]}}