{"id":9245,"date":"2026-03-09T07:30:00","date_gmt":"2026-03-09T11:30:00","guid":{"rendered":"https:\/\/amororaima.com.br\/?p=9245"},"modified":"2026-03-09T14:03:22","modified_gmt":"2026-03-09T18:03:22","slug":"programacao-da-semana-justica-pela-paz-em-casa-inclui-debates-e-formacao-em-roraima","status":"publish","type":"post","link":"https:\/\/amororaima.com.br\/index.php\/2026\/03\/09\/programacao-da-semana-justica-pela-paz-em-casa-inclui-debates-e-formacao-em-roraima\/","title":{"rendered":"Programa\u00e7\u00e3o da Semana Justi\u00e7a pela Paz em Casa inclui debates e forma\u00e7\u00e3o em Roraima"},"content":{"rendered":"\n<p>Roraima recebe nesta semana a 32\u00aa edi\u00e7\u00e3o da Semana Justi\u00e7a pela Paz em Casa, mobiliza\u00e7\u00e3o nacional voltada ao enfrentamento da viol\u00eancia dom\u00e9stica e familiar contra a mulher.<\/p>\n\n\n\n<p>A iniciativa segue diretrizes do Conselho Nacional de Justi\u00e7a (CNJ) e busca dar maior rapidez \u00e0 tramita\u00e7\u00e3o de processos relacionados a esse tipo de crime.<\/p>\n\n\n\n<p>Durante o per\u00edodo, o Judici\u00e1rio realiza esfor\u00e7o concentrado para ampliar o n\u00famero de audi\u00eancias e julgamentos envolvendo casos de viol\u00eancia dom\u00e9stica.<\/p>\n\n\n\n<p>A programa\u00e7\u00e3o tamb\u00e9m inclui atividades de orienta\u00e7\u00e3o, debates e palestras voltadas \u00e0 preven\u00e7\u00e3o da viol\u00eancia e \u00e0 divulga\u00e7\u00e3o de direitos e servi\u00e7os de apoio.<\/p>\n\n\n\n<p>As a\u00e7\u00f5es ocorrem em institui\u00e7\u00f5es de ensino e \u00f3rg\u00e3os p\u00fablicos em diferentes pontos do estado.<\/p>\n\n\n\n<p>Entre as atividades previstas est\u00e1 a forma\u00e7\u00e3o da Guarda Civil Municipal (GCM) de Mucaja\u00ed no enfrentamento da viol\u00eancia dom\u00e9stica e familiar contra a mulher.<\/p>\n\n\n\n<p>A forma\u00e7\u00e3o ser\u00e1 realizada nesta segunda-feira (9), na Escola Judicial de Roraima (EJURR).<\/p>\n\n\n\n<p>Tamb\u00e9m nesta segunda, ocorre a palestra \u201cSujeito Homem, Respeito, Masculinidade e Parceria\u201d, no Instituto Federal de Roraima (IFRR) \u2013 Campus Boa Vista.<\/p>\n\n\n\n<p>Nesta ter\u00e7a-feira (10), o projeto Maria vai \u00e0 Escola ser\u00e1 realizado na Escola Dal\u00edcio Faria Filho.<\/p>\n\n\n\n<p>No mesmo dia, acontece a palestra \u201cMedidas Protetivas: Canais de den\u00fancia e servi\u00e7os\u201d, durante o evento \u201c8 de Mar\u00e7o: G\u00eanero, Viol\u00eancia e Justi\u00e7a Social\u201d, com enfoque no feminic\u00eddio, na Escola Estadual Ayrton Senna.<\/p>\n\n\n\n<p>Na quarta-feira (11), est\u00e1 programada uma reuni\u00e3o estrat\u00e9gica com o Fundo de Popula\u00e7\u00f5es da Organiza\u00e7\u00e3o das Na\u00e7\u00f5es Unidas (UNFPA).<\/p>\n\n\n\n<p>A programa\u00e7\u00e3o ser\u00e1 encerrada na sexta-feira (13) com duas palestras: \u201cSujeito Homem, Respeito, Masculinidade e Parceria\u201d, no IFRR \u2013 Campus Boa Vista, e \u201cEmancipa\u00e7\u00e3o feminina, direitos, sa\u00fade integral e autonomia\u201d, no audit\u00f3rio da Defensoria P\u00fablica do Estado (DPE C\u00edvel).<\/p>\n","protected":false},"excerpt":{"rendered":"<p>Roraima recebe nesta semana a 32\u00aa edi\u00e7\u00e3o da Semana Justi\u00e7a pela Paz em Casa, mobiliza\u00e7\u00e3o nacional voltada ao enfrentamento da viol\u00eancia dom\u00e9stica e familiar contra a mulher. A iniciativa segue diretrizes do Conselho Nacional de Justi\u00e7a (CNJ) e busca dar maior rapidez \u00e0 tramita\u00e7\u00e3o de processos relacionados a esse tipo de crime. Durante o per\u00edodo, [&hellip;]<\/p>\n","protected":false},"author":123458,"featured_media":9246,"comment_status":"closed","ping_status":"closed","sticky":false,"template":"","format":"standard","meta":{"footnotes":""},"categories":[19,28,20],"tags":[1325,4766,2057,4768,479,4767,4765,239,3703],"class_list":["post-9245","post","type-post","status-publish","format-standard","has-post-thumbnail","hentry","category-brasil","category-geral","category-roraima","tag-cnj","tag-dpe-civel","tag-ejurr","tag-gcm-mucajai","tag-ifrr","tag-maria-vai-a-escola","tag-semana-justica-pela-paz-em-casa","tag-tjrr","tag-unfpa"],"_links":{"self":[{"href":"https:\/\/amororaima.com.br\/index.php\/wp-json\/wp\/v2\/posts\/9245","targetHints":{"allow":["GET"]}}],"collection":[{"href":"https:\/\/amororaima.com.br\/index.php\/wp-json\/wp\/v2\/posts"}],"about":[{"href":"https:\/\/amororaima.com.br\/index.php\/wp-json\/wp\/v2\/types\/post"}],"author":[{"embeddable":true,"href":"https:\/\/amororaima.com.br\/index.php\/wp-json\/wp\/v2\/users\/123458"}],"replies":[{"embeddable":true,"href":"https:\/\/amororaima.com.br\/index.php\/wp-json\/wp\/v2\/comments?post=9245"}],"version-history":[{"count":1,"href":"https:\/\/amororaima.com.br\/index.php\/wp-json\/wp\/v2\/posts\/9245\/revisions"}],"predecessor-version":[{"id":9247,"href":"https:\/\/amororaima.com.br\/index.php\/wp-json\/wp\/v2\/posts\/9245\/revisions\/9247"}],"wp:featuredmedia":[{"embeddable":true,"href":"https:\/\/amororaima.com.br\/index.php\/wp-json\/wp\/v2\/media\/9246"}],"wp:attachment":[{"href":"https:\/\/amororaima.com.br\/index.php\/wp-json\/wp\/v2\/media?parent=9245"}],"wp:term":[{"taxonomy":"category","embeddable":true,"href":"https:\/\/amororaima.com.br\/index.php\/wp-json\/wp\/v2\/categories?post=9245"},{"taxonomy":"post_tag","embeddable":true,"href":"https:\/\/amororaima.com.br\/index.php\/wp-json\/wp\/v2\/tags?post=9245"}],"curies":[{"name":"wp","href":"https:\/\/api.w.org\/{rel}","templated":true}]}}