{"id":9241,"date":"2026-03-09T06:00:00","date_gmt":"2026-03-09T10:00:00","guid":{"rendered":"https:\/\/amororaima.com.br\/?p=9241"},"modified":"2026-03-09T13:31:10","modified_gmt":"2026-03-09T17:31:10","slug":"inscricoes-abertas-para-concurso-da-ufrr-com-17-vagas-para-professor","status":"publish","type":"post","link":"https:\/\/amororaima.com.br\/index.php\/2026\/03\/09\/inscricoes-abertas-para-concurso-da-ufrr-com-17-vagas-para-professor\/","title":{"rendered":"Inscri\u00e7\u00f5es abertas para concurso da UFRR com 17 vagas para professor"},"content":{"rendered":"\n<p>Est\u00e3o abertas at\u00e9 31 de mar\u00e7o as inscri\u00e7\u00f5es para o concurso p\u00fablico da Universidade Federal de Roraima (UFRR) destinado \u00e0 contrata\u00e7\u00e3o de professores efetivos do magist\u00e9rio superior. O edital prev\u00ea a oferta de 17 vagas em diferentes \u00e1reas acad\u00eamicas.<\/p>\n\n\n\n<p>As inscri\u00e7\u00f5es devem ser feitas exclusivamente pela internet, por meio do sistema dispon\u00edvel na <a href=\"https:\/\/concursos.ufrr.br\/\" target=\"_blank\" rel=\"noreferrer noopener\"><strong>p\u00e1gina de concursos da UFRR<\/strong><\/a>.<\/p>\n\n\n\n<p>A taxa de inscri\u00e7\u00e3o custa R$ 250. Os candidatos que desejarem solicitar isen\u00e7\u00e3o da taxa poder\u00e3o fazer o pedido entre esta segunda-feira (9) e quarta-feira (11).<\/p>\n\n\n\n<p>O concurso tamb\u00e9m reserva vagas para a\u00e7\u00f5es afirmativas. Das 17 oportunidades, quatro s\u00e3o destinadas a candidatos negros, uma para pessoa com defici\u00eancia (PcD), uma para ind\u00edgenas e uma para quilombolas.<\/p>\n\n\n\n<p>As vagas abrangem as \u00e1reas de engenharia civil, engenharia el\u00e9trica, economia, artes visuais, pedagogia, psicologia, agronomia, medicina veterin\u00e1ria, qu\u00edmica, hist\u00f3ria, ci\u00eancias sociais e ensino de l\u00edngua portuguesa e educa\u00e7\u00e3o intercultural (licenciatura intercultural ind\u00edgena).<\/p>\n\n\n\n<p>Para a maioria das \u00e1reas, o processo seletivo ter\u00e1 tr\u00eas etapas de avalia\u00e7\u00e3o: prova escrita, prova did\u00e1tica e an\u00e1lise de t\u00edtulos.<\/p>\n\n\n\n<p>No caso dos candidatos da \u00e1rea de artes visuais (express\u00e3o gr\u00e1fica e tridimensional), haver\u00e1 tamb\u00e9m uma prova pr\u00e1tica.<\/p>\n\n\n\n<p>De acordo com o cronograma divulgado no edital, a prova escrita ser\u00e1 aplicada em 17 de maio.<\/p>\n\n\n\n<p>As provas did\u00e1ticas e a entrega dos t\u00edtulos ocorrer\u00e3o nos dias 28 e 29 de maio.<\/p>\n\n\n\n<p>O resultado final do concurso est\u00e1 previsto para ser divulgado em 29 de junho.<\/p>\n\n\n\n<p>O edital completo e os demais documentos referentes ao concurso n\u00ba 31\/2026 podem ser consultados na <a href=\"https:\/\/concursos.ufrr.br\/editais\/160\" target=\"_blank\" rel=\"noreferrer noopener\"><strong>p\u00e1gina de concursos da UFRR<\/strong><\/a>.<\/p>\n","protected":false},"excerpt":{"rendered":"<p>Est\u00e3o abertas at\u00e9 31 de mar\u00e7o as inscri\u00e7\u00f5es para o concurso p\u00fablico da Universidade Federal de Roraima (UFRR) destinado \u00e0 contrata\u00e7\u00e3o de professores efetivos do magist\u00e9rio superior. O edital prev\u00ea a oferta de 17 vagas em diferentes \u00e1reas acad\u00eamicas. As inscri\u00e7\u00f5es devem ser feitas exclusivamente pela internet, por meio do sistema dispon\u00edvel na p\u00e1gina de [&hellip;]<\/p>\n","protected":false},"author":123458,"featured_media":3924,"comment_status":"closed","ping_status":"closed","sticky":false,"template":"","format":"standard","meta":{"footnotes":""},"categories":[32,20],"tags":[4756,4760,4759,4757,4763,4382,4762,4761,4377,1344,4764,4058,4758,467],"class_list":["post-9241","post","type-post","status-publish","format-standard","has-post-thumbnail","hentry","category-concursos","category-roraima","tag-agronomia","tag-artes-visuais","tag-ciencias-sociais-e-ensino-de-lingua-portuguesa","tag-economia","tag-educacao-intercultural","tag-engenharia-civil","tag-engenharia-eletrica","tag-historia","tag-medicina-veterinaria","tag-pedagogia","tag-professor-magisterio","tag-psicologia","tag-quimica","tag-ufrr"],"_links":{"self":[{"href":"https:\/\/amororaima.com.br\/index.php\/wp-json\/wp\/v2\/posts\/9241","targetHints":{"allow":["GET"]}}],"collection":[{"href":"https:\/\/amororaima.com.br\/index.php\/wp-json\/wp\/v2\/posts"}],"about":[{"href":"https:\/\/amororaima.com.br\/index.php\/wp-json\/wp\/v2\/types\/post"}],"author":[{"embeddable":true,"href":"https:\/\/amororaima.com.br\/index.php\/wp-json\/wp\/v2\/users\/123458"}],"replies":[{"embeddable":true,"href":"https:\/\/amororaima.com.br\/index.php\/wp-json\/wp\/v2\/comments?post=9241"}],"version-history":[{"count":2,"href":"https:\/\/amororaima.com.br\/index.php\/wp-json\/wp\/v2\/posts\/9241\/revisions"}],"predecessor-version":[{"id":9243,"href":"https:\/\/amororaima.com.br\/index.php\/wp-json\/wp\/v2\/posts\/9241\/revisions\/9243"}],"wp:featuredmedia":[{"embeddable":true,"href":"https:\/\/amororaima.com.br\/index.php\/wp-json\/wp\/v2\/media\/3924"}],"wp:attachment":[{"href":"https:\/\/amororaima.com.br\/index.php\/wp-json\/wp\/v2\/media?parent=9241"}],"wp:term":[{"taxonomy":"category","embeddable":true,"href":"https:\/\/amororaima.com.br\/index.php\/wp-json\/wp\/v2\/categories?post=9241"},{"taxonomy":"post_tag","embeddable":true,"href":"https:\/\/amororaima.com.br\/index.php\/wp-json\/wp\/v2\/tags?post=9241"}],"curies":[{"name":"wp","href":"https:\/\/api.w.org\/{rel}","templated":true}]}}