{"id":9225,"date":"2026-03-07T07:30:00","date_gmt":"2026-03-07T11:30:00","guid":{"rendered":"https:\/\/amororaima.com.br\/?p=9225"},"modified":"2026-03-07T12:28:26","modified_gmt":"2026-03-07T16:28:26","slug":"venezuelano-integrante-de-organizacao-criminosa-ligado-a-homicidios-em-roraima-e-preso-no-rio-grande-do-sul","status":"publish","type":"post","link":"https:\/\/amororaima.com.br\/index.php\/2026\/03\/07\/venezuelano-integrante-de-organizacao-criminosa-ligado-a-homicidios-em-roraima-e-preso-no-rio-grande-do-sul\/","title":{"rendered":"Venezuelano integrante de organiza\u00e7\u00e3o criminosa ligado a homic\u00eddios em Roraima \u00e9 preso no Rio Grande do Sul"},"content":{"rendered":"\n<p>Policiais civis prenderam na ter\u00e7a-feira (3), em Caxias do Sul, no Rio Grande do Sul, o venezuelano Carlos Alberto Marquez Nunez, de 42 anos, condenado a 15 anos de pris\u00e3o por homic\u00eddios cometidos em Roraima. Conhecido como \u201cCarlito\u201d, ele era considerado foragido e foi localizado ap\u00f3s troca de informa\u00e7\u00f5es entre a Pol\u00edcia Civil roraimense e a pol\u00edcia ga\u00facha. A pris\u00e3o foi divulgada nesta sexta-feira (6).<\/p>\n\n\n\n<p>O suspeito foi encontrado escondido na localidade chamada Parada Cristal, no munic\u00edpio ga\u00facho, onde estava tentando se manter longe das autoridades.<\/p>\n\n\n\n<p>A captura foi realizada por policiais da Delegacia de Repress\u00e3o \u00e0s A\u00e7\u00f5es Criminosas Organizadas (Draco) de Caxias do Sul. As dilig\u00eancias investigativas foram coordenadas pelo delegado Luciano Righes Pereira.<\/p>\n\n\n\n<p>Segundo o delegado Wesley Costa de Oliveira, informa\u00e7\u00f5es compartilhadas pela Pol\u00edcia Civil de Roraima (PCRR) indicavam que o foragido poderia estar escondido no Rio Grande do Sul.<\/p>\n\n\n\n<p>As investiga\u00e7\u00f5es conduzidas pela PCRR apontam que Carlos Nunez integra uma organiza\u00e7\u00e3o criminosa de origem venezuelana que atuava de forma estruturada em atividades il\u00edcitas no estado.<\/p>\n\n\n\n<p>O grupo \u00e9 investigado por participa\u00e7\u00e3o em diversos crimes graves registrados em Boa Vista, especialmente tr\u00e1fico de entorpecentes e homic\u00eddios qualificados.<\/p>\n\n\n\n<p>De acordo com as apura\u00e7\u00f5es, parte das v\u00edtimas eram imigrantes venezuelanos que possu\u00edam d\u00edvidas ou conflitos com integrantes da organiza\u00e7\u00e3o criminosa.<\/p>\n\n\n\n<p>Em alguns epis\u00f3dios investigados, as v\u00edtimas foram mortas de forma extremamente violenta, circunst\u00e2ncias que demonstram o alto grau de viol\u00eancia empregado pelo grupo.<\/p>\n\n\n\n<p>Carlos Nunez tamb\u00e9m foi alvo da Opera\u00e7\u00e3o Cuchillo, deflagrada pela PCRR em 2021. A a\u00e7\u00e3o teve como objetivo combater a atua\u00e7\u00e3o de integrantes da organiza\u00e7\u00e3o criminosa suspeitos de envolvimento em homic\u00eddios na capital.<\/p>\n\n\n\n<p>Na ocasi\u00e3o, foram cumpridos 17 mandados de pris\u00e3o e tr\u00eas de busca e apreens\u00e3o. Os investigados eram suspeitos da execu\u00e7\u00e3o de quatro v\u00edtimas, sendo que tr\u00eas delas foram mortas mediante esquartejamento.<\/p>\n\n\n\n<p>Entre os crimes atribu\u00eddos ao venezuelano est\u00e1 o assassinato do cabeleireiro Marcos Argenis Vallez Perez, de 24 anos. Ele foi morto a tiros em agosto de 2021 no bairro S\u00e3o Bento, zona oeste de Boa Vista, e outros dois homens tamb\u00e9m foram condenados por participa\u00e7\u00e3o no crime.<\/p>\n\n\n\n<p>Durante as investiga\u00e7\u00f5es, \u201cCarlito\u201d chegou a ser preso preventivamente, mas foi solto posteriormente e fugiu para o Rio Grande do Sul. Ele possui extensa ficha criminal e responde por organiza\u00e7\u00e3o criminosa, oculta\u00e7\u00e3o de cad\u00e1ver e homic\u00eddio qualificado.<\/p>\n\n\n\n<p>Ap\u00f3s a pris\u00e3o, o homem foi levado para uma unidade policial no Rio Grande do Sul e permanece \u00e0 disposi\u00e7\u00e3o da Justi\u00e7a. A Pol\u00edcia Civil afirma que a troca de informa\u00e7\u00f5es entre institui\u00e7\u00f5es de seguran\u00e7a p\u00fablica \u00e9 essencial para localizar e prender foragidos da Justi\u00e7a envolvidos em crimes graves.<\/p>\n","protected":false},"excerpt":{"rendered":"<p>Policiais civis prenderam na ter\u00e7a-feira (3), em Caxias do Sul, no Rio Grande do Sul, o venezuelano Carlos Alberto Marquez Nunez, de 42 anos, condenado a 15 anos de pris\u00e3o por homic\u00eddios cometidos em Roraima. Conhecido como \u201cCarlito\u201d, ele era considerado foragido e foi localizado ap\u00f3s troca de informa\u00e7\u00f5es entre a Pol\u00edcia Civil roraimense e [&hellip;]<\/p>\n","protected":false},"author":123458,"featured_media":9226,"comment_status":"closed","ping_status":"closed","sticky":false,"template":"","format":"standard","meta":{"footnotes":""},"categories":[28,34,20],"tags":[111,4747,1818,1963,2764,132,4745,4746,2032],"class_list":["post-9225","post","type-post","status-publish","format-standard","has-post-thumbnail","hentry","category-geral","category-policia","category-roraima","tag-boa-vista","tag-caxias-do-sul","tag-draco","tag-faccao-venezuelana","tag-homicidios","tag-pcrr","tag-pcrs","tag-rio-grande-do-sul","tag-venezuelano"],"_links":{"self":[{"href":"https:\/\/amororaima.com.br\/index.php\/wp-json\/wp\/v2\/posts\/9225","targetHints":{"allow":["GET"]}}],"collection":[{"href":"https:\/\/amororaima.com.br\/index.php\/wp-json\/wp\/v2\/posts"}],"about":[{"href":"https:\/\/amororaima.com.br\/index.php\/wp-json\/wp\/v2\/types\/post"}],"author":[{"embeddable":true,"href":"https:\/\/amororaima.com.br\/index.php\/wp-json\/wp\/v2\/users\/123458"}],"replies":[{"embeddable":true,"href":"https:\/\/amororaima.com.br\/index.php\/wp-json\/wp\/v2\/comments?post=9225"}],"version-history":[{"count":2,"href":"https:\/\/amororaima.com.br\/index.php\/wp-json\/wp\/v2\/posts\/9225\/revisions"}],"predecessor-version":[{"id":9228,"href":"https:\/\/amororaima.com.br\/index.php\/wp-json\/wp\/v2\/posts\/9225\/revisions\/9228"}],"wp:featuredmedia":[{"embeddable":true,"href":"https:\/\/amororaima.com.br\/index.php\/wp-json\/wp\/v2\/media\/9226"}],"wp:attachment":[{"href":"https:\/\/amororaima.com.br\/index.php\/wp-json\/wp\/v2\/media?parent=9225"}],"wp:term":[{"taxonomy":"category","embeddable":true,"href":"https:\/\/amororaima.com.br\/index.php\/wp-json\/wp\/v2\/categories?post=9225"},{"taxonomy":"post_tag","embeddable":true,"href":"https:\/\/amororaima.com.br\/index.php\/wp-json\/wp\/v2\/tags?post=9225"}],"curies":[{"name":"wp","href":"https:\/\/api.w.org\/{rel}","templated":true}]}}