{"id":9219,"date":"2026-03-08T06:00:00","date_gmt":"2026-03-08T10:00:00","guid":{"rendered":"https:\/\/amororaima.com.br\/?p=9219"},"modified":"2026-03-06T15:04:46","modified_gmt":"2026-03-06T19:04:46","slug":"sus-amplia-politicas-de-enfrentamento-a-violencia-contra-mulher-e-anuncia-mutirao-de-saude","status":"publish","type":"post","link":"https:\/\/amororaima.com.br\/index.php\/2026\/03\/08\/sus-amplia-politicas-de-enfrentamento-a-violencia-contra-mulher-e-anuncia-mutirao-de-saude\/","title":{"rendered":"SUS amplia pol\u00edticas de enfrentamento \u00e0 viol\u00eancia contra mulher e anuncia mutir\u00e3o de sa\u00fade"},"content":{"rendered":"\n<p>O Sistema \u00danico de Sa\u00fade (SUS) anunciou neste m\u00eas, em alus\u00e3o ao Dia Internacional da Mulher, medidas para atendimento a mulheres v\u00edtimas de viol\u00eancia, incluindo teleatendimento em sa\u00fade mental, reconstru\u00e7\u00e3o dent\u00e1ria gratuita e a realiza\u00e7\u00e3o do maior mutir\u00e3o de Sa\u00fade da Mulher. O an\u00fancio foi feito pelo ministro da Sa\u00fade, Alexandre Padilha, na quinta-feira (5), durante coletiva em Bras\u00edlia (DF).<\/p>\n\n\n\n<p>O teleatendimento come\u00e7a em Recife e Rio de Janeiro neste m\u00eas, com expans\u00e3o em maio para cidades com mais de 150 mil habitantes e cobertura nacional prevista para junho.<\/p>\n\n\n\n<p><strong>Reconstru\u00e7\u00e3o dent\u00e1ria para v\u00edtimas de viol\u00eancia<\/strong><\/p>\n\n\n\n<p>O Programa de Reconstru\u00e7\u00e3o Dent\u00e1ria para Mulheres V\u00edtimas de Viol\u00eancia Dom\u00e9stica passa a integrar o SUS, com atendimento odontol\u00f3gico integral e gratuito, incluindo pr\u00f3teses, implantes e restaura\u00e7\u00f5es. Ser\u00e3o disponibilizadas 500 impressoras 3D e scanners nas Unidades Odontol\u00f3gicas M\u00f3veis (UOM). Desde 2025, foram distribu\u00eddos 400 novos ve\u00edculos; at\u00e9 o fim do ano, mais 800 unidades entrar\u00e3o em circula\u00e7\u00e3o, aumento superior a 400% em rela\u00e7\u00e3o a 2022.<\/p>\n\n\n\n<p>\u201cEu queria cumprimentar pelas a\u00e7\u00f5es anunciadas e refor\u00e7ar que educar as pessoas na ponta \u00e9 fundamental. N\u00e3o \u00e9 uma causa do governo, \u00e9 uma pauta global&#8221;, refor\u00e7ou a presidente do Grupo Mulheres do Brasil, Luiza Trajano.<\/p>\n\n\n\n<p><strong>Inclus\u00e3o do feminic\u00eddio na CID-11<\/strong><\/p>\n\n\n\n<p>O Minist\u00e9rio da Sa\u00fade solicitou \u00e0 Organiza\u00e7\u00e3o Mundial da Sa\u00fade (OMS) a inclus\u00e3o do feminic\u00eddio na Classifica\u00e7\u00e3o Internacional de Doen\u00e7as (CID-11), para melhorar estat\u00edsticas e fortalecer pol\u00edticas p\u00fablicas de preven\u00e7\u00e3o. Atualmente, esses casos s\u00e3o registrados como agress\u00e3o. A proposta ser\u00e1 analisada pela OMS e pelos estados-membros.<\/p>\n\n\n\n<p>\u201cEssa \u00e9 uma agenda n\u00e3o s\u00f3 estrat\u00e9gica, mas fundamental para o enfrentamento ao feminic\u00eddio e para salvar a vida das mulheres nos nossos territ\u00f3rios. No Minist\u00e9rio da Sa\u00fade, temos trabalhado incansavelmente porque precisamos trazer esse assunto para a pauta. N\u00e3o \u00e9 uma agenda s\u00f3 de governo, \u00e9 uma agenda da sociedade, e precisamos de mais vozes\u201d, afirmou a secret\u00e1ria de Aten\u00e7\u00e3o Prim\u00e1ria \u00e0 Sa\u00fade, Ana Luiza Caldas.<\/p>\n\n\n\n<p><strong>Teleatendimento psicol\u00f3gico<\/strong><\/p>\n\n\n\n<p>O servi\u00e7o ser\u00e1 oferecido pelo SUS em parceria com a Ag\u00eancia Brasileira de Apoio \u00e0 Gest\u00e3o do SUS (AgSUS) e o Programa de Apoio ao Desenvolvimento Institucional do SUS (Proadi-SUS), com expectativa de 4,7 milh\u00f5es de atendimentos por ano. O acesso ser\u00e1 pelas Unidades B\u00e1sicas de Sa\u00fade (UBS), rede de prote\u00e7\u00e3o e pelo aplicativo Meu SUS Digital, com cadastro, agendamento e acompanhamento.<\/p>\n\n\n\n<p><strong>Sala Lil\u00e1s e acolhimento humanizado<\/strong><\/p>\n\n\n\n<p>O governo federal est\u00e1 implantando a Sala Lil\u00e1s, espa\u00e7o humanizado nas 2,6 mil UBS, 101 policl\u00ednicas e 36 maternidades do Novo PAC Sa\u00fade.<\/p>\n\n\n\n<p><strong>Mutir\u00e3o nacional de Sa\u00fade da Mulher<\/strong><\/p>\n\n\n\n<p>Nos dias 21 e 22 de mar\u00e7o, o SUS realizar\u00e1 o maior mutir\u00e3o da hist\u00f3ria, incluindo exames ginecol\u00f3gicos, cirurgias oftalmol\u00f3gicas, card\u00edacas, gerais e oncol\u00f3gicas. Participam 45 hospitais universit\u00e1rios federais da Empresa Brasileira de Servi\u00e7os Hospitalares (Ebserh), hospitais federais do Rio de Janeiro, institutos nacionais de Cardiologia, de C\u00e2ncer e de Traumatologia e Ortopedia, o Grupo Hospitalar Concei\u00e7\u00e3o (GCH) e hospitais privados e filantr\u00f3picos.<\/p>\n\n\n\n<p>Tamb\u00e9m em mar\u00e7o, 26 hospitais universit\u00e1rios realizar\u00e3o inser\u00e7\u00e3o do implante subd\u00e9rmico Implanon, atendendo mais de mil pessoas. As carretas de sa\u00fade da mulher percorrer\u00e3o 32 munic\u00edpios nos estados do Paran\u00e1, Santa Catarina, Piau\u00ed, Cear\u00e1, Rio de Janeiro, Rio Grande do Norte, Roraima, S\u00e3o Paulo, Minas Gerais, Par\u00e1, Acre, Alagoas, Amap\u00e1, Amazonas, Bahia, Maranh\u00e3o, Mato Grosso do Sul, Para\u00edba, Tocantins, Sergipe, Rond\u00f4nia, Distrito Federal, Esp\u00edrito Santo, Goi\u00e1s, Pernambuco e Mato Grosso.<\/p>\n","protected":false},"excerpt":{"rendered":"<p>O Sistema \u00danico de Sa\u00fade (SUS) anunciou neste m\u00eas, em alus\u00e3o ao Dia Internacional da Mulher, medidas para atendimento a mulheres v\u00edtimas de viol\u00eancia, incluindo teleatendimento em sa\u00fade mental, reconstru\u00e7\u00e3o dent\u00e1ria gratuita e a realiza\u00e7\u00e3o do maior mutir\u00e3o de Sa\u00fade da Mulher. O an\u00fancio foi feito pelo ministro da Sa\u00fade, Alexandre Padilha, na quinta-feira (5), [&hellip;]<\/p>\n","protected":false},"author":123458,"featured_media":9220,"comment_status":"closed","ping_status":"closed","sticky":false,"template":"","format":"standard","meta":{"footnotes":""},"categories":[19,27],"tags":[3231,125,3191,4736,4732,4733,4739,4735,128,4740,4738,4737,2073,1208,4734,158],"class_list":["post-9219","post","type-post","status-publish","format-standard","has-post-thumbnail","hentry","category-brasil","category-saude","tag-agora-tem-especialistas","tag-agsus","tag-brasil-sorridente","tag-cid-11","tag-ebserh","tag-gch","tag-grupo-mulheres-do-brasil","tag-meu-sus-digital","tag-ministerio-da-saude","tag-pacto-nacional-contra-o-feminicidio","tag-proadi-sus","tag-programa-de-reconstrucao-dentaria","tag-sala-lilas","tag-sus","tag-teleatendimento","tag-ubs"],"_links":{"self":[{"href":"https:\/\/amororaima.com.br\/index.php\/wp-json\/wp\/v2\/posts\/9219","targetHints":{"allow":["GET"]}}],"collection":[{"href":"https:\/\/amororaima.com.br\/index.php\/wp-json\/wp\/v2\/posts"}],"about":[{"href":"https:\/\/amororaima.com.br\/index.php\/wp-json\/wp\/v2\/types\/post"}],"author":[{"embeddable":true,"href":"https:\/\/amororaima.com.br\/index.php\/wp-json\/wp\/v2\/users\/123458"}],"replies":[{"embeddable":true,"href":"https:\/\/amororaima.com.br\/index.php\/wp-json\/wp\/v2\/comments?post=9219"}],"version-history":[{"count":1,"href":"https:\/\/amororaima.com.br\/index.php\/wp-json\/wp\/v2\/posts\/9219\/revisions"}],"predecessor-version":[{"id":9221,"href":"https:\/\/amororaima.com.br\/index.php\/wp-json\/wp\/v2\/posts\/9219\/revisions\/9221"}],"wp:featuredmedia":[{"embeddable":true,"href":"https:\/\/amororaima.com.br\/index.php\/wp-json\/wp\/v2\/media\/9220"}],"wp:attachment":[{"href":"https:\/\/amororaima.com.br\/index.php\/wp-json\/wp\/v2\/media?parent=9219"}],"wp:term":[{"taxonomy":"category","embeddable":true,"href":"https:\/\/amororaima.com.br\/index.php\/wp-json\/wp\/v2\/categories?post=9219"},{"taxonomy":"post_tag","embeddable":true,"href":"https:\/\/amororaima.com.br\/index.php\/wp-json\/wp\/v2\/tags?post=9219"}],"curies":[{"name":"wp","href":"https:\/\/api.w.org\/{rel}","templated":true}]}}