{"id":9198,"date":"2026-03-05T07:30:00","date_gmt":"2026-03-05T11:30:00","guid":{"rendered":"https:\/\/amororaima.com.br\/?p=9198"},"modified":"2026-03-05T10:50:28","modified_gmt":"2026-03-05T14:50:28","slug":"teamarr-passa-a-oferecer-consultas-pediatricas-e-anuncia-nova-unidade-em-boa-vista","status":"publish","type":"post","link":"https:\/\/amororaima.com.br\/index.php\/2026\/03\/05\/teamarr-passa-a-oferecer-consultas-pediatricas-e-anuncia-nova-unidade-em-boa-vista\/","title":{"rendered":"Teamarr passa a oferecer consultas pedi\u00e1tricas e anuncia nova unidade em Boa Vista"},"content":{"rendered":"\n<p>A segunda unidade do Centro de Acolhimento ao Autista (Teamarr) ser\u00e1 inaugurada em 12 de mar\u00e7o no bairro Jardim Tropical, na zona oeste de Boa Vista. A informa\u00e7\u00e3o foi divulgada pela deputada Angela \u00c1guida Portella, presidente do Programa de Atendimento Comunit\u00e1rio da Assembleia Legislativa de Roraima (ALERR).<\/p>\n\n\n\n<p>Al\u00e9m da expans\u00e3o da estrutura, o programa tamb\u00e9m passou a oferecer consultas de pediatria para crian\u00e7as atendidas pelo projeto.<\/p>\n\n\n\n<p>O m\u00e9dico \u00c1lvaro Neto explicou que o atendimento envolve avalia\u00e7\u00e3o cl\u00ednica completa. \u201cVamos realizar atendimentos de pediatria geral, analisando laudos, prescrevendo medica\u00e7\u00f5es quando necess\u00e1rio e complementando as terapias j\u00e1 realizadas aqui\u201d, afirmou.<\/p>\n\n\n\n<p>Segundo ele, o objetivo \u00e9 avaliar a sa\u00fade da crian\u00e7a de forma integral. \u201cEm casos como seletividade alimentar, por exemplo, a crian\u00e7a pode ficar abaixo ou acima do peso, e isso precisa de acompanhamento\u201d, disse.<\/p>\n\n\n\n<p>Atualmente, cerca de 900 benefici\u00e1rios s\u00e3o atendidos pelo programa. \u201cContratamos esse profissional para contribuir n\u00e3o s\u00f3 no diagn\u00f3stico, mas tamb\u00e9m no acompanhamento cont\u00ednuo\u201d, destacou Angela \u00c1guida Portella.<\/p>\n\n\n\n<p>A nova unidade ter\u00e1 capacidade para atender 400 pessoas. \u201cA ideia \u00e9 que, at\u00e9 o fim do ano, possamos entregar a terceira unidade\u201d, afirmou a deputada.<\/p>\n","protected":false},"excerpt":{"rendered":"<p>A segunda unidade do Centro de Acolhimento ao Autista (Teamarr) ser\u00e1 inaugurada em 12 de mar\u00e7o no bairro Jardim Tropical, na zona oeste de Boa Vista. A informa\u00e7\u00e3o foi divulgada pela deputada Angela \u00c1guida Portella, presidente do Programa de Atendimento Comunit\u00e1rio da Assembleia Legislativa de Roraima (ALERR). Al\u00e9m da expans\u00e3o da estrutura, o programa tamb\u00e9m [&hellip;]<\/p>\n","protected":false},"author":123458,"featured_media":9199,"comment_status":"closed","ping_status":"closed","sticky":false,"template":"","format":"standard","meta":{"footnotes":""},"categories":[4525,20],"tags":[3003,4523,1331,4717,4055,1344,4715,4058,4718,1110,1107,4716],"class_list":["post-9198","post","type-post","status-publish","format-standard","has-post-thumbnail","hentry","category-cidades","category-roraima","tag-alerr","tag-educacao-fisica","tag-fisioterapia","tag-neuropsicologia","tag-nutricao","tag-pedagogia","tag-projeto-turistea","tag-psicologia","tag-psicopedagogia","tag-tea","tag-teamarr","tag-terapia-aba"],"_links":{"self":[{"href":"https:\/\/amororaima.com.br\/index.php\/wp-json\/wp\/v2\/posts\/9198","targetHints":{"allow":["GET"]}}],"collection":[{"href":"https:\/\/amororaima.com.br\/index.php\/wp-json\/wp\/v2\/posts"}],"about":[{"href":"https:\/\/amororaima.com.br\/index.php\/wp-json\/wp\/v2\/types\/post"}],"author":[{"embeddable":true,"href":"https:\/\/amororaima.com.br\/index.php\/wp-json\/wp\/v2\/users\/123458"}],"replies":[{"embeddable":true,"href":"https:\/\/amororaima.com.br\/index.php\/wp-json\/wp\/v2\/comments?post=9198"}],"version-history":[{"count":1,"href":"https:\/\/amororaima.com.br\/index.php\/wp-json\/wp\/v2\/posts\/9198\/revisions"}],"predecessor-version":[{"id":9200,"href":"https:\/\/amororaima.com.br\/index.php\/wp-json\/wp\/v2\/posts\/9198\/revisions\/9200"}],"wp:featuredmedia":[{"embeddable":true,"href":"https:\/\/amororaima.com.br\/index.php\/wp-json\/wp\/v2\/media\/9199"}],"wp:attachment":[{"href":"https:\/\/amororaima.com.br\/index.php\/wp-json\/wp\/v2\/media?parent=9198"}],"wp:term":[{"taxonomy":"category","embeddable":true,"href":"https:\/\/amororaima.com.br\/index.php\/wp-json\/wp\/v2\/categories?post=9198"},{"taxonomy":"post_tag","embeddable":true,"href":"https:\/\/amororaima.com.br\/index.php\/wp-json\/wp\/v2\/tags?post=9198"}],"curies":[{"name":"wp","href":"https:\/\/api.w.org\/{rel}","templated":true}]}}