{"id":9182,"date":"2026-03-04T10:57:47","date_gmt":"2026-03-04T14:57:47","guid":{"rendered":"https:\/\/amororaima.com.br\/?p=9182"},"modified":"2026-03-04T10:57:47","modified_gmt":"2026-03-04T14:57:47","slug":"tres-sao-presos-por-trafico-de-drogas-em-residencia-proxima-a-escola-na-zona-norte-de-boa-vista","status":"publish","type":"post","link":"https:\/\/amororaima.com.br\/index.php\/2026\/03\/04\/tres-sao-presos-por-trafico-de-drogas-em-residencia-proxima-a-escola-na-zona-norte-de-boa-vista\/","title":{"rendered":"Tr\u00eas s\u00e3o presos por tr\u00e1fico de drogas em resid\u00eancia pr\u00f3xima a escola na zona norte de Boa Vista"},"content":{"rendered":"\n<p>A Pol\u00edcia Civil prendeu tr\u00eas pessoas em flagrante por tr\u00e1fico de drogas e associa\u00e7\u00e3o para o tr\u00e1fico em uma resid\u00eancia no bairro Aparecida, zona norte de Boa Vista, nas proximidades de uma escola estadual. A opera\u00e7\u00e3o foi divulgada na noite desta ter\u00e7a-feira (3).<\/p>\n\n\n\n<p>As investiga\u00e7\u00f5es foram conduzidas pela Delegacia de Repress\u00e3o a Entorpecentes (DRE), conforme informou o titular da unidade, J\u00falio Cesar da Rocha. O trabalho come\u00e7ou ap\u00f3s den\u00fancias de moradores que apontaram intensa movimenta\u00e7\u00e3o de usu\u00e1rios e aumento da sensa\u00e7\u00e3o de inseguran\u00e7a, principalmente nos hor\u00e1rios de maior circula\u00e7\u00e3o de estudantes.<\/p>\n\n\n\n<p>\u201cO im\u00f3vel passou a ser monitorado e, diante de ind\u00edcios consistentes da pr\u00e1tica de tr\u00e1fico de drogas, foram realizadas dilig\u00eancias no local. Durante a a\u00e7\u00e3o, os policiais constataram o funcionamento do com\u00e9rcio il\u00edcito, com fluxo constante de pessoas e atua\u00e7\u00e3o na modalidade \u2018delivery\u2019\u201d, explicou o delegado.<\/p>\n\n\n\n<p>No im\u00f3vel, foi identificada a atua\u00e7\u00e3o de uma mulher de 29 anos, apontada como respons\u00e1vel pelo gerenciamento do ponto de venda e reincidente no crime de tr\u00e1fico de drogas; do marido dela, de nacionalidade venezuelana, de 30 anos; e de um jovem de 22 anos, que atuariam no apoio \u00e0s entregas e na log\u00edstica da atividade il\u00edcita.<\/p>\n\n\n\n<p>No momento da abordagem, o venezuelano apresentou informa\u00e7\u00f5es contradit\u00f3rias sobre a pr\u00f3pria identidade, fornecendo nomes diferentes aos policiais, o que levantou suspeitas de tentativa de oculta\u00e7\u00e3o de sua real qualifica\u00e7\u00e3o civil.<\/p>\n\n\n\n<p>Durante a opera\u00e7\u00e3o, foram apreendidos entorpecentes, dinheiro, um drone e diversos celulares de diferentes marcas e modelos, que ser\u00e3o analisados.<\/p>\n\n\n\n<p>\u201cH\u00e1 ind\u00edcios de que parte dos bens encontrados no im\u00f3vel possa ter sido recebida como forma de pagamento pelas drogas comercializadas\u201d, acrescentou o delegado.<\/p>\n\n\n\n<p>Segundo J\u00falio Cesar da Rocha, tamb\u00e9m h\u00e1 ind\u00edcios de que pequenos furtos e roubos registrados na regi\u00e3o estejam ligados \u00e0 din\u00e2mica do tr\u00e1fico no local.<\/p>\n\n\n\n<p>\u201cUsu\u00e1rios, para sustentar o v\u00edcio, estariam praticando crimes patrimoniais e trocando objetos por entorpecentes na resid\u00eancia, o que impacta diretamente a sensa\u00e7\u00e3o de seguran\u00e7a da comunidade\u201d, destacou.<\/p>\n\n\n\n<p>Os tr\u00eas suspeitos foram conduzidos \u00e0 unidade especializada e autuados em flagrante.<\/p>\n\n\n\n<p>Todos passaram por audi\u00eancia de cust\u00f3dia nesta ter\u00e7a-feira. Foi concedida liberdade provis\u00f3ria ao investigado de 22 anos, enquanto o casal teve a pris\u00e3o em flagrante convertida em preventiva.<\/p>\n\n\n\n<p>As investiga\u00e7\u00f5es seguem em andamento para apurar a poss\u00edvel participa\u00e7\u00e3o de outros envolvidos.<\/p>\n","protected":false},"excerpt":{"rendered":"<p>A Pol\u00edcia Civil prendeu tr\u00eas pessoas em flagrante por tr\u00e1fico de drogas e associa\u00e7\u00e3o para o tr\u00e1fico em uma resid\u00eancia no bairro Aparecida, zona norte de Boa Vista, nas proximidades de uma escola estadual. A opera\u00e7\u00e3o foi divulgada na noite desta ter\u00e7a-feira (3). As investiga\u00e7\u00f5es foram conduzidas pela Delegacia de Repress\u00e3o a Entorpecentes (DRE), conforme [&hellip;]<\/p>\n","protected":false},"author":123458,"featured_media":9183,"comment_status":"open","ping_status":"open","sticky":false,"template":"","format":"standard","meta":{"footnotes":""},"categories":[34,20],"tags":[4711,203,111,134,55,988,145,4712],"class_list":["post-9182","post","type-post","status-publish","format-standard","has-post-thumbnail","hentry","category-policia","category-roraima","tag-aparecida","tag-audiencia-de-custodia","tag-boa-vista","tag-dre","tag-policia-civil-2","tag-prisao-preventiva","tag-trafico-de-drogas","tag-zona-norte"],"_links":{"self":[{"href":"https:\/\/amororaima.com.br\/index.php\/wp-json\/wp\/v2\/posts\/9182","targetHints":{"allow":["GET"]}}],"collection":[{"href":"https:\/\/amororaima.com.br\/index.php\/wp-json\/wp\/v2\/posts"}],"about":[{"href":"https:\/\/amororaima.com.br\/index.php\/wp-json\/wp\/v2\/types\/post"}],"author":[{"embeddable":true,"href":"https:\/\/amororaima.com.br\/index.php\/wp-json\/wp\/v2\/users\/123458"}],"replies":[{"embeddable":true,"href":"https:\/\/amororaima.com.br\/index.php\/wp-json\/wp\/v2\/comments?post=9182"}],"version-history":[{"count":3,"href":"https:\/\/amororaima.com.br\/index.php\/wp-json\/wp\/v2\/posts\/9182\/revisions"}],"predecessor-version":[{"id":9186,"href":"https:\/\/amororaima.com.br\/index.php\/wp-json\/wp\/v2\/posts\/9182\/revisions\/9186"}],"wp:featuredmedia":[{"embeddable":true,"href":"https:\/\/amororaima.com.br\/index.php\/wp-json\/wp\/v2\/media\/9183"}],"wp:attachment":[{"href":"https:\/\/amororaima.com.br\/index.php\/wp-json\/wp\/v2\/media?parent=9182"}],"wp:term":[{"taxonomy":"category","embeddable":true,"href":"https:\/\/amororaima.com.br\/index.php\/wp-json\/wp\/v2\/categories?post=9182"},{"taxonomy":"post_tag","embeddable":true,"href":"https:\/\/amororaima.com.br\/index.php\/wp-json\/wp\/v2\/tags?post=9182"}],"curies":[{"name":"wp","href":"https:\/\/api.w.org\/{rel}","templated":true}]}}