{"id":9175,"date":"2026-03-04T05:00:00","date_gmt":"2026-03-04T09:00:00","guid":{"rendered":"https:\/\/amororaima.com.br\/?p=9175"},"modified":"2026-03-03T20:23:54","modified_gmt":"2026-03-04T00:23:54","slug":"roraima-registra-menor-desemprego-da-serie-historica-e-2a-maior-renda-do-norte-no-4o-trimestre-de-2025","status":"publish","type":"post","link":"https:\/\/amororaima.com.br\/index.php\/2026\/03\/04\/roraima-registra-menor-desemprego-da-serie-historica-e-2a-maior-renda-do-norte-no-4o-trimestre-de-2025\/","title":{"rendered":"Roraima registra menor desemprego da s\u00e9rie hist\u00f3rica e 2\u00aa maior renda do Norte no 4\u00ba trimestre de 2025"},"content":{"rendered":"\n<p>Roraima alcan\u00e7ou no quarto trimestre de 2025 a menor taxa de desemprego da s\u00e9rie hist\u00f3rica, de 4,7%, e registrou rendimento m\u00e9dio de R$ 3.319,75, o segundo maior da Regi\u00e3o Norte, conforme dados da Pesquisa Nacional por Amostra de Domic\u00edlios Cont\u00ednua (Pnad Cont\u00ednua), do Instituto Brasileiro de Geografia e Estat\u00edstica (IBGE), analisados pela Secretaria de Planejamento e Or\u00e7amento (Seplan).<\/p>\n\n\n\n<p>A taxa de 4,7% ficou abaixo da m\u00e9dia nacional, que foi de 5,1%.<\/p>\n\n\n\n<p>No per\u00edodo, o estado contabilizou 302 mil pessoas ocupadas, n\u00famero recorde e 5,6% superior ao do mesmo trimestre de 2024.<\/p>\n\n\n\n<p>Em 2024, o rendimento m\u00e9dio era de R$ 2.742, o que indica aumento significativo e ganho real no poder de compra.<\/p>\n\n\n\n<p>O secret\u00e1rio estadual de Planejamento e Or\u00e7amento, Rafael Fraia, avaliou que os dados confirmam a consist\u00eancia do crescimento econ\u00f4mico.<\/p>\n\n\n\n<p>\u201cOs dados demonstram a solidez do mercado de trabalho em Roraima. Al\u00e9m da redu\u00e7\u00e3o do desemprego, tivemos aumento expressivo no n\u00famero de pessoas ocupadas e melhora no rendimento m\u00e9dio. Isso \u00e9 resultado de um ambiente econ\u00f4mico mais favor\u00e1vel e de pol\u00edticas p\u00fablicas baseadas em planejamento e monitoramento permanente\u201d, afirmou.<\/p>\n\n\n\n<p>A coordenadora-geral de Estudos Econ\u00f4micos e Sociais, J\u00e1dila Andressa Gomes da Silva, destacou a evolu\u00e7\u00e3o qualitativa do mercado.<\/p>\n\n\n\n<p>\u201cObservamos n\u00e3o apenas a gera\u00e7\u00e3o de empregos, mas tamb\u00e9m uma presen\u00e7a significativa de trabalhadores com ensino m\u00e9dio e superior, al\u00e9m de melhores n\u00edveis de remunera\u00e7\u00e3o em \u00e1reas mais qualificadas. Isso indica avan\u00e7os importantes na estrutura econ\u00f4mica do estado e sinaliza potencial de crescimento sustent\u00e1vel\u201d, disse.<\/p>\n\n\n\n<p>Os dados indicam que o setor de servi\u00e7os segue liderando a gera\u00e7\u00e3o de empregos, especialmente nos segmentos de com\u00e9rcio, educa\u00e7\u00e3o, sa\u00fade e administra\u00e7\u00e3o p\u00fablica.<\/p>\n\n\n\n<p>A popula\u00e7\u00e3o ocupada \u00e9 composta majoritariamente por trabalhadores entre 25 e 59 anos.<\/p>\n","protected":false},"excerpt":{"rendered":"<p>Roraima alcan\u00e7ou no quarto trimestre de 2025 a menor taxa de desemprego da s\u00e9rie hist\u00f3rica, de 4,7%, e registrou rendimento m\u00e9dio de R$ 3.319,75, o segundo maior da Regi\u00e3o Norte, conforme dados da Pesquisa Nacional por Amostra de Domic\u00edlios Cont\u00ednua (Pnad Cont\u00ednua), do Instituto Brasileiro de Geografia e Estat\u00edstica (IBGE), analisados pela Secretaria de Planejamento [&hellip;]<\/p>\n","protected":false},"author":123458,"featured_media":9176,"comment_status":"closed","ping_status":"closed","sticky":false,"template":"","format":"standard","meta":{"footnotes":""},"categories":[19,26,20],"tags":[1609,82,1453,117,1236,4707],"class_list":["post-9175","post","type-post","status-publish","format-standard","has-post-thumbnail","hentry","category-brasil","category-economia","category-roraima","tag-desemprego","tag-ibge","tag-pnad-continua","tag-regiao-norte","tag-seplan","tag-taxa"],"_links":{"self":[{"href":"https:\/\/amororaima.com.br\/index.php\/wp-json\/wp\/v2\/posts\/9175","targetHints":{"allow":["GET"]}}],"collection":[{"href":"https:\/\/amororaima.com.br\/index.php\/wp-json\/wp\/v2\/posts"}],"about":[{"href":"https:\/\/amororaima.com.br\/index.php\/wp-json\/wp\/v2\/types\/post"}],"author":[{"embeddable":true,"href":"https:\/\/amororaima.com.br\/index.php\/wp-json\/wp\/v2\/users\/123458"}],"replies":[{"embeddable":true,"href":"https:\/\/amororaima.com.br\/index.php\/wp-json\/wp\/v2\/comments?post=9175"}],"version-history":[{"count":1,"href":"https:\/\/amororaima.com.br\/index.php\/wp-json\/wp\/v2\/posts\/9175\/revisions"}],"predecessor-version":[{"id":9177,"href":"https:\/\/amororaima.com.br\/index.php\/wp-json\/wp\/v2\/posts\/9175\/revisions\/9177"}],"wp:featuredmedia":[{"embeddable":true,"href":"https:\/\/amororaima.com.br\/index.php\/wp-json\/wp\/v2\/media\/9176"}],"wp:attachment":[{"href":"https:\/\/amororaima.com.br\/index.php\/wp-json\/wp\/v2\/media?parent=9175"}],"wp:term":[{"taxonomy":"category","embeddable":true,"href":"https:\/\/amororaima.com.br\/index.php\/wp-json\/wp\/v2\/categories?post=9175"},{"taxonomy":"post_tag","embeddable":true,"href":"https:\/\/amororaima.com.br\/index.php\/wp-json\/wp\/v2\/tags?post=9175"}],"curies":[{"name":"wp","href":"https:\/\/api.w.org\/{rel}","templated":true}]}}