{"id":9130,"date":"2026-02-28T07:30:00","date_gmt":"2026-02-28T11:30:00","guid":{"rendered":"https:\/\/amororaima.com.br\/?p=9130"},"modified":"2026-02-27T21:26:45","modified_gmt":"2026-02-28T01:26:45","slug":"estiagem-e-aumento-de-incendios-levam-roraima-a-intensificar-acoes-preventivas","status":"publish","type":"post","link":"https:\/\/amororaima.com.br\/index.php\/2026\/02\/28\/estiagem-e-aumento-de-incendios-levam-roraima-a-intensificar-acoes-preventivas\/","title":{"rendered":"Estiagem e aumento de inc\u00eandios levam Roraima a intensificar a\u00e7\u00f5es preventivas"},"content":{"rendered":"\n<p>Mesmo com previs\u00e3o de chuvas e temperaturas dentro da normalidade para fevereiro, mar\u00e7o e abril de 2026, Roraima intensifica a\u00e7\u00f5es preventivas e repressivas contra queimadas durante a estiagem. A medida foi adotada ap\u00f3s aumento de focos de inc\u00eandio e suspens\u00e3o do calend\u00e1rio de queimadas.<\/p>\n\n\n\n<p>O comandante do Corpo de Bombeiros Militar de Roraima (CBMRR), coronel Anderson Carvalho, explicou que a suspens\u00e3o segue at\u00e9 11 de mar\u00e7o, podendo ser prorrogada conforme a evolu\u00e7\u00e3o clim\u00e1tica.<\/p>\n\n\n\n<p><strong>Decis\u00e3o do comit\u00ea<\/strong><\/p>\n\n\n\n<p>\u201cA decis\u00e3o foi tomada pelo Comit\u00ea de Combate \u00e0s Queimadas em raz\u00e3o do aumento no n\u00famero de focos de inc\u00eandio, principalmente durante o per\u00edodo de Carnaval, e pela previs\u00e3o de poucas chuvas. A vegeta\u00e7\u00e3o j\u00e1 vem sofrendo com o ver\u00e3o e est\u00e1 mais propensa \u00e0 propaga\u00e7\u00e3o do fogo\u201d, disse o coronel.<\/p>\n\n\n\n<p>Apesar de algumas queimadas autorizadas, produtores perderam o controle do fogo em certos casos, refor\u00e7ando a necessidade da suspens\u00e3o tempor\u00e1ria.<\/p>\n\n\n\n<p>\u201cO momento \u00e9 cr\u00edtico. Vamos intensificar as a\u00e7\u00f5es preventivas, refor\u00e7ar a fiscaliza\u00e7\u00e3o e atuar de forma mais rigorosa para minimizar os focos de inc\u00eandio e os danos ambientais no estado\u201d, afirmou.<\/p>\n\n\n\n<p>Queimadas n\u00e3o autorizadas em \u00e1reas urbanas e rurais configuram crime ambiental, com san\u00e7\u00f5es penais e administrativas. Den\u00fancias podem ser feitas pelos telefones 193 e 199, ou pelo WhatsApp (95) 98406-5439.<\/p>\n\n\n\n<p><strong>N\u00famero de focos e atua\u00e7\u00e3o das equipes<\/strong><\/p>\n\n\n\n<p>De novembro de 2025 a fevereiro de 2026, foram registrados 922 focos de inc\u00eandio no estado. Caracara\u00ed lidera o ranking com 197 registros. Em fevereiro, o combate contou com 350 bombeiros militares, 148 brigadistas e 21 viaturas, refor\u00e7ando a atua\u00e7\u00e3o integrada.<\/p>\n\n\n\n<p><strong>A\u00e7\u00f5es da Caer<\/strong><\/p>\n\n\n\n<p>A Companhia de \u00c1guas e Esgotos de Roraima (Caer), integrante do Comit\u00ea de Combate \u00e0s Queimadas, atua refor\u00e7ando o abastecimento de \u00e1gua. Segundo o diretor comercial C\u00edcero Batista, o aumento da temperatura eleva a demanda por \u00e1gua, essencial tanto para consumo humano quanto para controle de inc\u00eandios.<\/p>\n\n\n\n<p>\u201cNo per\u00edodo de maior estiagem, o consumo aumenta. Precisamos garantir que os po\u00e7os artesianos estejam funcionando adequadamente. Onde houver necessidade, vamos refor\u00e7ar o abastecimento com caminh\u00f5es-pipa\u201d, destacou Batista.<\/p>\n\n\n\n<p>Ele concluiu ressaltando a import\u00e2ncia da \u00e1gua para conter o fogo e proteger a popula\u00e7\u00e3o e os animais.<\/p>\n\n\n\n<p>\u201cSem abastecimento adequado, o fogo se intensifica. Por isso, a atua\u00e7\u00e3o integrada no comit\u00ea \u00e9 fundamental\u201d, concluiu.<\/p>\n","protected":false},"excerpt":{"rendered":"<p>Mesmo com previs\u00e3o de chuvas e temperaturas dentro da normalidade para fevereiro, mar\u00e7o e abril de 2026, Roraima intensifica a\u00e7\u00f5es preventivas e repressivas contra queimadas durante a estiagem. A medida foi adotada ap\u00f3s aumento de focos de inc\u00eandio e suspens\u00e3o do calend\u00e1rio de queimadas. O comandante do Corpo de Bombeiros Militar de Roraima (CBMRR), coronel [&hellip;]<\/p>\n","protected":false},"author":123458,"featured_media":9131,"comment_status":"closed","ping_status":"closed","sticky":false,"template":"","format":"standard","meta":{"footnotes":""},"categories":[293,20],"tags":[894,4684,236,4685,541,311,4683],"class_list":["post-9130","post","type-post","status-publish","format-standard","has-post-thumbnail","hentry","category-meio-ambiente","category-roraima","tag-caer","tag-calendario-de-queimadas","tag-caracarai","tag-comite-de-combate","tag-corpo-de-bombeiros","tag-estiagem","tag-focos-de-incendio"],"_links":{"self":[{"href":"https:\/\/amororaima.com.br\/index.php\/wp-json\/wp\/v2\/posts\/9130","targetHints":{"allow":["GET"]}}],"collection":[{"href":"https:\/\/amororaima.com.br\/index.php\/wp-json\/wp\/v2\/posts"}],"about":[{"href":"https:\/\/amororaima.com.br\/index.php\/wp-json\/wp\/v2\/types\/post"}],"author":[{"embeddable":true,"href":"https:\/\/amororaima.com.br\/index.php\/wp-json\/wp\/v2\/users\/123458"}],"replies":[{"embeddable":true,"href":"https:\/\/amororaima.com.br\/index.php\/wp-json\/wp\/v2\/comments?post=9130"}],"version-history":[{"count":1,"href":"https:\/\/amororaima.com.br\/index.php\/wp-json\/wp\/v2\/posts\/9130\/revisions"}],"predecessor-version":[{"id":9132,"href":"https:\/\/amororaima.com.br\/index.php\/wp-json\/wp\/v2\/posts\/9130\/revisions\/9132"}],"wp:featuredmedia":[{"embeddable":true,"href":"https:\/\/amororaima.com.br\/index.php\/wp-json\/wp\/v2\/media\/9131"}],"wp:attachment":[{"href":"https:\/\/amororaima.com.br\/index.php\/wp-json\/wp\/v2\/media?parent=9130"}],"wp:term":[{"taxonomy":"category","embeddable":true,"href":"https:\/\/amororaima.com.br\/index.php\/wp-json\/wp\/v2\/categories?post=9130"},{"taxonomy":"post_tag","embeddable":true,"href":"https:\/\/amororaima.com.br\/index.php\/wp-json\/wp\/v2\/tags?post=9130"}],"curies":[{"name":"wp","href":"https:\/\/api.w.org\/{rel}","templated":true}]}}