{"id":9103,"date":"2026-02-26T11:46:13","date_gmt":"2026-02-26T15:46:13","guid":{"rendered":"https:\/\/amororaima.com.br\/?p=9103"},"modified":"2026-02-26T11:46:13","modified_gmt":"2026-02-26T15:46:13","slug":"venezuelano-suspeito-de-homicidio-em-caroebe-por-divida-de-r-12-mil-e-preso-no-bairro-calunga-em-boa-vista","status":"publish","type":"post","link":"https:\/\/amororaima.com.br\/index.php\/2026\/02\/26\/venezuelano-suspeito-de-homicidio-em-caroebe-por-divida-de-r-12-mil-e-preso-no-bairro-calunga-em-boa-vista\/","title":{"rendered":"Venezuelano suspeito de homic\u00eddio em Caroebe por d\u00edvida de R$ 1,2 mil \u00e9 preso no bairro Calung\u00e1, em Boa Vista"},"content":{"rendered":"\n<p>Um homem de 37 anos foi preso nesta quarta-feira (25) no bairro Calung\u00e1, zona oeste de Boa Vista, suspeito de matar Ricardo Jos\u00e9 Patino Mora, de 35 anos. O crime ocorreu em 25 de janeiro, em Caroebe, no sul de Roraima.<\/p>\n\n\n\n<p>A investiga\u00e7\u00e3o \u00e9 da delegacia de S\u00e3o Jo\u00e3o da Baliza. A pris\u00e3o preventiva foi autorizada pela Comarca de S\u00e3o Luiz ap\u00f3s representa\u00e7\u00e3o da autoridade policial.<\/p>\n\n\n\n<p>De acordo com as investiga\u00e7\u00f5es, o suspeito foi ao encontro da v\u00edtima para tratar de uma suposta d\u00edvida de R$ 1,2 mil. Durante a conversa, ele atirou no pesco\u00e7o de Ricardo. O filho da v\u00edtima, de 13 anos, presenciou o crime. Ele tamb\u00e9m teria sido intimidado pelo atirador.<\/p>\n\n\n\n<p>Ricardo foi socorrido e permaneceu hospitalizado, mas n\u00e3o resistiu e morreu dias depois.<\/p>\n\n\n\n<p><strong>Interrogat\u00f3rio<\/strong><\/p>\n\n\n\n<p>O suspeito foi interrogado na delegacia no dia 19 de fevereiro e declarou que conhecia Ricardo Jos\u00e9 Patino Mora desde quando ele chegou para morar em Caroebe, vindo da Vila Entre Rios, e o ajudou com trabalhos e di\u00e1rias. Segundo o depoimento, a v\u00edtima solicitou R$ 1,2 mil emprestados, valor que, de acordo com o investigado, nunca foi devolvido.<\/p>\n\n\n\n<p>O homem afirmou que, no dia do crime, estava participando do anivers\u00e1rio da filha de uma conhecida, quando a v\u00edtima passou em frente ao local e o chamou para conversar. De acordo com ele, os dois se encontraram em uma rua pr\u00f3xima ao local da festa, onde passaram a discutir sobre a suposta d\u00edvida.<\/p>\n\n\n\n<p>Ainda conforme o interrogat\u00f3rio, o investigado disse que Ricardo afirmou que n\u00e3o pagaria o dinheiro e, em seguida, levou a m\u00e3o \u00e0 cintura, levantando a camisa, gesto que ele interpretou como se a v\u00edtima fosse sacar uma arma. Naquele momento, afirmou que sacou uma pistola calibre .365 e efetuou um disparo contra Ricardo, fugindo logo em seguida.<\/p>\n\n\n\n<p>Ele negou ter amea\u00e7ado familiares da v\u00edtima, bem como que tenha feito publica\u00e7\u00f5es com amea\u00e7as em redes sociais. Ap\u00f3s o homic\u00eddio, o venezuelano passou a se esconder e constituiu advogado para se apresentar \u00e0 Pol\u00edcia Civil.<\/p>\n\n\n\n<p>A vers\u00e3o apresentada pelo investigado, no entanto, conforme o delegado, contrasta com relatos de testemunhas, que indicam que ele se aproximou da v\u00edtima, cobrou a d\u00edvida e atirou. Diante dos elementos reunidos na investiga\u00e7\u00e3o, foi pedida a pris\u00e3o preventiva, deferida pelo Poder Judici\u00e1rio no in\u00edcio desta semana.<\/p>\n\n\n\n<p>\u201cComo tivemos conhecimento de que o suspeito estava em Boa Vista, solicitamos apoio da equipe do Deint [Departamento de Intelig\u00eancia], que diligenciou at\u00e9 o endere\u00e7o que indicamos e o prenderam\u201d, disse o delegado.<\/p>\n\n\n\n<p>O homem deve passar por audi\u00eancia de cust\u00f3dia nesta quinta-feira.<\/p>\n","protected":false},"excerpt":{"rendered":"<p>Um homem de 37 anos foi preso nesta quarta-feira (25) no bairro Calung\u00e1, zona oeste de Boa Vista, suspeito de matar Ricardo Jos\u00e9 Patino Mora, de 35 anos. O crime ocorreu em 25 de janeiro, em Caroebe, no sul de Roraima. A investiga\u00e7\u00e3o \u00e9 da delegacia de S\u00e3o Jo\u00e3o da Baliza. A pris\u00e3o preventiva foi [&hellip;]<\/p>\n","protected":false},"author":123458,"featured_media":9104,"comment_status":"closed","ping_status":"closed","sticky":false,"template":"","format":"standard","meta":{"footnotes":""},"categories":[34,20],"tags":[203,111,2442,1185,1311,99,1866,1352,55,988,1184,2248,240],"class_list":["post-9103","post","type-post","status-publish","format-standard","has-post-thumbnail","hentry","category-policia","category-roraima","tag-audiencia-de-custodia","tag-boa-vista","tag-calunga","tag-caroebe","tag-deint","tag-homicidio","tag-nova-canaa","tag-poder-judiciario","tag-policia-civil-2","tag-prisao-preventiva","tag-sao-joao-da-baliza","tag-vila-entre-rios","tag-zona-oeste"],"_links":{"self":[{"href":"https:\/\/amororaima.com.br\/index.php\/wp-json\/wp\/v2\/posts\/9103","targetHints":{"allow":["GET"]}}],"collection":[{"href":"https:\/\/amororaima.com.br\/index.php\/wp-json\/wp\/v2\/posts"}],"about":[{"href":"https:\/\/amororaima.com.br\/index.php\/wp-json\/wp\/v2\/types\/post"}],"author":[{"embeddable":true,"href":"https:\/\/amororaima.com.br\/index.php\/wp-json\/wp\/v2\/users\/123458"}],"replies":[{"embeddable":true,"href":"https:\/\/amororaima.com.br\/index.php\/wp-json\/wp\/v2\/comments?post=9103"}],"version-history":[{"count":2,"href":"https:\/\/amororaima.com.br\/index.php\/wp-json\/wp\/v2\/posts\/9103\/revisions"}],"predecessor-version":[{"id":9106,"href":"https:\/\/amororaima.com.br\/index.php\/wp-json\/wp\/v2\/posts\/9103\/revisions\/9106"}],"wp:featuredmedia":[{"embeddable":true,"href":"https:\/\/amororaima.com.br\/index.php\/wp-json\/wp\/v2\/media\/9104"}],"wp:attachment":[{"href":"https:\/\/amororaima.com.br\/index.php\/wp-json\/wp\/v2\/media?parent=9103"}],"wp:term":[{"taxonomy":"category","embeddable":true,"href":"https:\/\/amororaima.com.br\/index.php\/wp-json\/wp\/v2\/categories?post=9103"},{"taxonomy":"post_tag","embeddable":true,"href":"https:\/\/amororaima.com.br\/index.php\/wp-json\/wp\/v2\/tags?post=9103"}],"curies":[{"name":"wp","href":"https:\/\/api.w.org\/{rel}","templated":true}]}}