{"id":8968,"date":"2026-02-17T12:18:48","date_gmt":"2026-02-17T16:18:48","guid":{"rendered":"https:\/\/amororaima.com.br\/?p=8968"},"modified":"2026-02-17T12:18:48","modified_gmt":"2026-02-17T16:18:48","slug":"justica-converte-em-preventiva-prisao-de-dupla-flagrada-pela-pf-com-350-aves-silvestres-em-boa-vista","status":"publish","type":"post","link":"https:\/\/amororaima.com.br\/index.php\/2026\/02\/17\/justica-converte-em-preventiva-prisao-de-dupla-flagrada-pela-pf-com-350-aves-silvestres-em-boa-vista\/","title":{"rendered":"Justi\u00e7a converte em preventiva pris\u00e3o de dupla flagrada pela PF com 350 aves silvestres em Boa Vista"},"content":{"rendered":"\n<p>A Justi\u00e7a de Roraima manteve presos dois homens detidos com cerca de 350 aves silvestres da esp\u00e9cie can\u00e1rio-da-terra em Boa Vista. A decis\u00e3o foi tomada durante audi\u00eancia de cust\u00f3dia realizada no domingo (15).<\/p>\n\n\n\n<p>Os suspeitos foram presos em flagrante no s\u00e1bado (14) pela Pol\u00edcia Federal (PF), que apura poss\u00edvel tr\u00e1fico interestadual de animais silvestres. A investiga\u00e7\u00e3o teve in\u00edcio ap\u00f3s a identifica\u00e7\u00e3o de movimenta\u00e7\u00f5es suspeitas relacionadas \u00e0 venda das aves.<\/p>\n\n\n\n<p>Durante as dilig\u00eancias, os agentes localizaram um im\u00f3vel utilizado para armazenar os animais. No local, foram encontradas aproximadamente 350 aves mantidas em gaiolas inadequadas e em condi\u00e7\u00f5es de maus-tratos, al\u00e9m de materiais empregados no transporte.<\/p>\n\n\n\n<p>De acordo com a PF, os dois homens j\u00e1 possuem registros anteriores por crimes contra a fauna. Eles v\u00e3o responder por manter e comercializar animais silvestres sem autoriza\u00e7\u00e3o, maus-tratos e recepta\u00e7\u00e3o qualificada.<\/p>\n","protected":false},"excerpt":{"rendered":"<p>A Justi\u00e7a de Roraima manteve presos dois homens detidos com cerca de 350 aves silvestres da esp\u00e9cie can\u00e1rio-da-terra em Boa Vista. A decis\u00e3o foi tomada durante audi\u00eancia de cust\u00f3dia realizada no domingo (15). Os suspeitos foram presos em flagrante no s\u00e1bado (14) pela Pol\u00edcia Federal (PF), que apura poss\u00edvel tr\u00e1fico interestadual de animais silvestres. A [&hellip;]<\/p>\n","protected":false},"author":123458,"featured_media":8969,"comment_status":"closed","ping_status":"closed","sticky":false,"template":"","format":"standard","meta":{"footnotes":""},"categories":[19,34,20],"tags":[3329,203,2542,4074,1161,60,447,2284],"class_list":["post-8968","post","type-post","status-publish","format-standard","has-post-thumbnail","hentry","category-brasil","category-policia","category-roraima","tag-animais-silvestres","tag-audiencia-de-custodia","tag-canario-da-terra","tag-flagrante","tag-maus-tratos-2","tag-pf","tag-prisao","tag-trafico-interestadual"],"_links":{"self":[{"href":"https:\/\/amororaima.com.br\/index.php\/wp-json\/wp\/v2\/posts\/8968","targetHints":{"allow":["GET"]}}],"collection":[{"href":"https:\/\/amororaima.com.br\/index.php\/wp-json\/wp\/v2\/posts"}],"about":[{"href":"https:\/\/amororaima.com.br\/index.php\/wp-json\/wp\/v2\/types\/post"}],"author":[{"embeddable":true,"href":"https:\/\/amororaima.com.br\/index.php\/wp-json\/wp\/v2\/users\/123458"}],"replies":[{"embeddable":true,"href":"https:\/\/amororaima.com.br\/index.php\/wp-json\/wp\/v2\/comments?post=8968"}],"version-history":[{"count":1,"href":"https:\/\/amororaima.com.br\/index.php\/wp-json\/wp\/v2\/posts\/8968\/revisions"}],"predecessor-version":[{"id":8970,"href":"https:\/\/amororaima.com.br\/index.php\/wp-json\/wp\/v2\/posts\/8968\/revisions\/8970"}],"wp:featuredmedia":[{"embeddable":true,"href":"https:\/\/amororaima.com.br\/index.php\/wp-json\/wp\/v2\/media\/8969"}],"wp:attachment":[{"href":"https:\/\/amororaima.com.br\/index.php\/wp-json\/wp\/v2\/media?parent=8968"}],"wp:term":[{"taxonomy":"category","embeddable":true,"href":"https:\/\/amororaima.com.br\/index.php\/wp-json\/wp\/v2\/categories?post=8968"},{"taxonomy":"post_tag","embeddable":true,"href":"https:\/\/amororaima.com.br\/index.php\/wp-json\/wp\/v2\/tags?post=8968"}],"curies":[{"name":"wp","href":"https:\/\/api.w.org\/{rel}","templated":true}]}}