{"id":8965,"date":"2026-02-14T13:50:01","date_gmt":"2026-02-14T17:50:01","guid":{"rendered":"https:\/\/amororaima.com.br\/?p=8965"},"modified":"2026-02-14T13:50:01","modified_gmt":"2026-02-14T17:50:01","slug":"suspeito-de-matar-homem-a-facadas-e-enterrar-corpo-foge-do-amazonas-e-e-preso-em-roraima","status":"publish","type":"post","link":"https:\/\/amororaima.com.br\/index.php\/2026\/02\/14\/suspeito-de-matar-homem-a-facadas-e-enterrar-corpo-foge-do-amazonas-e-e-preso-em-roraima\/","title":{"rendered":"Suspeito de matar homem a facadas e enterrar corpo foge do Amazonas e \u00e9 preso em Roraima"},"content":{"rendered":"\n<p>Um homem de 39 anos, apelidado de \u201cFom-Fom\u201d, foi preso nesta sexta-feira (13) pela Pol\u00edcia Civil de Roraima (PCRR), suspeito de matar Jos\u00e9 da Concei\u00e7\u00e3o, conhecido como \u201cZ\u00e9 dos Cachorros\u201d, a facadas e enterrar o corpo em Rio Preto da Erva, no Amazonas. A captura ocorreu na rodovi\u00e1ria de Rorain\u00f3polis, em cumprimento a mandado de pris\u00e3o preventiva.<\/p>\n\n\n\n<p>O delegado Rick da Silva e Silva explicou que a pris\u00e3o foi poss\u00edvel gra\u00e7as \u00e0 coopera\u00e7\u00e3o entre a PCRR e equipes do 36\u00ba Distrito Integrado de Pol\u00edcia do Amazonas.<\/p>\n\n\n\n<p>\u201cA troca r\u00e1pida de informa\u00e7\u00f5es e o trabalho coordenado de intelig\u00eancia foram fundamentais para localizar o suspeito\u201d, disse.<\/p>\n\n\n\n<p>De acordo com a Pol\u00edcia Civil do Amazonas (PCAM), a v\u00edtima e o suspeito se desentenderam por causa do desaparecimento de um celular. Durante a discuss\u00e3o, houve luta corporal, e o suspeito golpeou Jos\u00e9 da Concei\u00e7\u00e3o com arma branca antes de enterr\u00e1-lo em cova rasa perto do s\u00edtio da v\u00edtima.<\/p>\n\n\n\n<p>Ap\u00f3s o crime, o suspeito fugiu do munic\u00edpio e foi visto em rodovi\u00e1rias da regi\u00e3o, com inten\u00e7\u00e3o de deixar o pa\u00eds. Ele acabou sendo localizado em Rorain\u00f3polis, preso preventivamente e submetido a exame de corpo de delito. Ele aguardar\u00e1 audi\u00eancia de cust\u00f3dia.<\/p>\n","protected":false},"excerpt":{"rendered":"<p>Um homem de 39 anos, apelidado de \u201cFom-Fom\u201d, foi preso nesta sexta-feira (13) pela Pol\u00edcia Civil de Roraima (PCRR), suspeito de matar Jos\u00e9 da Concei\u00e7\u00e3o, conhecido como \u201cZ\u00e9 dos Cachorros\u201d, a facadas e enterrar o corpo em Rio Preto da Erva, no Amazonas. A captura ocorreu na rodovi\u00e1ria de Rorain\u00f3polis, em cumprimento a mandado de [&hellip;]<\/p>\n","protected":false},"author":123458,"featured_media":8966,"comment_status":"closed","ping_status":"closed","sticky":false,"template":"","format":"standard","meta":{"footnotes":""},"categories":[19,34,20],"tags":[4597,152,99,2998,132,4596,93,227],"class_list":["post-8965","post","type-post","status-publish","format-standard","has-post-thumbnail","hentry","category-brasil","category-policia","category-roraima","tag-36o-distrito-integrado-de-policia","tag-amazonas","tag-homicidio","tag-pcam","tag-pcrr","tag-rio-preto-da-erva","tag-roraima","tag-rorainopolis"],"_links":{"self":[{"href":"https:\/\/amororaima.com.br\/index.php\/wp-json\/wp\/v2\/posts\/8965","targetHints":{"allow":["GET"]}}],"collection":[{"href":"https:\/\/amororaima.com.br\/index.php\/wp-json\/wp\/v2\/posts"}],"about":[{"href":"https:\/\/amororaima.com.br\/index.php\/wp-json\/wp\/v2\/types\/post"}],"author":[{"embeddable":true,"href":"https:\/\/amororaima.com.br\/index.php\/wp-json\/wp\/v2\/users\/123458"}],"replies":[{"embeddable":true,"href":"https:\/\/amororaima.com.br\/index.php\/wp-json\/wp\/v2\/comments?post=8965"}],"version-history":[{"count":1,"href":"https:\/\/amororaima.com.br\/index.php\/wp-json\/wp\/v2\/posts\/8965\/revisions"}],"predecessor-version":[{"id":8967,"href":"https:\/\/amororaima.com.br\/index.php\/wp-json\/wp\/v2\/posts\/8965\/revisions\/8967"}],"wp:featuredmedia":[{"embeddable":true,"href":"https:\/\/amororaima.com.br\/index.php\/wp-json\/wp\/v2\/media\/8966"}],"wp:attachment":[{"href":"https:\/\/amororaima.com.br\/index.php\/wp-json\/wp\/v2\/media?parent=8965"}],"wp:term":[{"taxonomy":"category","embeddable":true,"href":"https:\/\/amororaima.com.br\/index.php\/wp-json\/wp\/v2\/categories?post=8965"},{"taxonomy":"post_tag","embeddable":true,"href":"https:\/\/amororaima.com.br\/index.php\/wp-json\/wp\/v2\/tags?post=8965"}],"curies":[{"name":"wp","href":"https:\/\/api.w.org\/{rel}","templated":true}]}}