{"id":8946,"date":"2026-02-13T01:00:00","date_gmt":"2026-02-13T05:00:00","guid":{"rendered":"https:\/\/amororaima.com.br\/?p=8946"},"modified":"2026-02-12T23:30:39","modified_gmt":"2026-02-13T03:30:39","slug":"fiscalizacao-da-prf-em-roraima-com-radar-portatil-marca-inicio-da-operacao-carnaval-2026","status":"publish","type":"post","link":"https:\/\/amororaima.com.br\/index.php\/2026\/02\/13\/fiscalizacao-da-prf-em-roraima-com-radar-portatil-marca-inicio-da-operacao-carnaval-2026\/","title":{"rendered":"Fiscaliza\u00e7\u00e3o da PRF em Roraima com radar port\u00e1til marca in\u00edcio da Opera\u00e7\u00e3o Carnaval 2026"},"content":{"rendered":"\n<p>A Pol\u00edcia Rodovi\u00e1ria Federal (PRF) inicia nesta sexta-feira (13) a Opera\u00e7\u00e3o Carnaval 2026. Em Roraima, a fiscaliza\u00e7\u00e3o ser\u00e1 ampliada nas rodovias federais, com aten\u00e7\u00e3o especial aos casos de embriaguez ao volante.<\/p>\n\n\n\n<p>A opera\u00e7\u00e3o tem como tema \u201c\u00c1lcool Zero no Tr\u00e2nsito\u201d e busca reduzir acidentes graves durante o per\u00edodo de maior movimento nas estradas.<\/p>\n\n\n\n<p>Entre as medidas previstas est\u00e1 o uso de radar port\u00e1til para controle de velocidade. A PRF tamb\u00e9m fiscalizar\u00e1 o uso do cinto de seguran\u00e7a e dos dispositivos adequados para transporte de crian\u00e7as.<\/p>\n\n\n\n<p>O artigo 306 do C\u00f3digo de Tr\u00e2nsito Brasileiro (CTB) estabelece que \u00e9 crime conduzir ve\u00edculo com concentra\u00e7\u00e3o igual ou superior a 0,34 miligrama de \u00e1lcool por litro de ar alveolar.<\/p>\n\n\n\n<p>Al\u00e9m da responsabiliza\u00e7\u00e3o criminal, o motorista flagrado pode receber multa de R$ 2.934,70 e ter o direito de dirigir suspenso por 12 meses. Em caso de acidente com morte, a pena pode chegar a 20 anos de reclus\u00e3o.<\/p>\n\n\n\n<p>A opera\u00e7\u00e3o integra a fase final da Opera\u00e7\u00e3o Rodovida, iniciada em dezembro de 2025, com foco na redu\u00e7\u00e3o da viol\u00eancia no tr\u00e2nsito.<\/p>\n","protected":false},"excerpt":{"rendered":"<p>A Pol\u00edcia Rodovi\u00e1ria Federal (PRF) inicia nesta sexta-feira (13) a Opera\u00e7\u00e3o Carnaval 2026. Em Roraima, a fiscaliza\u00e7\u00e3o ser\u00e1 ampliada nas rodovias federais, com aten\u00e7\u00e3o especial aos casos de embriaguez ao volante. A opera\u00e7\u00e3o tem como tema \u201c\u00c1lcool Zero no Tr\u00e2nsito\u201d e busca reduzir acidentes graves durante o per\u00edodo de maior movimento nas estradas. Entre as [&hellip;]<\/p>\n","protected":false},"author":123458,"featured_media":8947,"comment_status":"closed","ping_status":"closed","sticky":false,"template":"","format":"standard","meta":{"footnotes":""},"categories":[19,4525,20],"tags":[4590,1955,1709,1976,1639,114],"class_list":["post-8946","post","type-post","status-publish","format-standard","has-post-thumbnail","hentry","category-brasil","category-cidades","category-roraima","tag-alcool-zero-no-transito","tag-ctb","tag-fiscalizacao","tag-operacao-carnaval","tag-operacao-rodovida","tag-prf"],"_links":{"self":[{"href":"https:\/\/amororaima.com.br\/index.php\/wp-json\/wp\/v2\/posts\/8946","targetHints":{"allow":["GET"]}}],"collection":[{"href":"https:\/\/amororaima.com.br\/index.php\/wp-json\/wp\/v2\/posts"}],"about":[{"href":"https:\/\/amororaima.com.br\/index.php\/wp-json\/wp\/v2\/types\/post"}],"author":[{"embeddable":true,"href":"https:\/\/amororaima.com.br\/index.php\/wp-json\/wp\/v2\/users\/123458"}],"replies":[{"embeddable":true,"href":"https:\/\/amororaima.com.br\/index.php\/wp-json\/wp\/v2\/comments?post=8946"}],"version-history":[{"count":2,"href":"https:\/\/amororaima.com.br\/index.php\/wp-json\/wp\/v2\/posts\/8946\/revisions"}],"predecessor-version":[{"id":8949,"href":"https:\/\/amororaima.com.br\/index.php\/wp-json\/wp\/v2\/posts\/8946\/revisions\/8949"}],"wp:featuredmedia":[{"embeddable":true,"href":"https:\/\/amororaima.com.br\/index.php\/wp-json\/wp\/v2\/media\/8947"}],"wp:attachment":[{"href":"https:\/\/amororaima.com.br\/index.php\/wp-json\/wp\/v2\/media?parent=8946"}],"wp:term":[{"taxonomy":"category","embeddable":true,"href":"https:\/\/amororaima.com.br\/index.php\/wp-json\/wp\/v2\/categories?post=8946"},{"taxonomy":"post_tag","embeddable":true,"href":"https:\/\/amororaima.com.br\/index.php\/wp-json\/wp\/v2\/tags?post=8946"}],"curies":[{"name":"wp","href":"https:\/\/api.w.org\/{rel}","templated":true}]}}