{"id":8669,"date":"2026-01-13T08:30:00","date_gmt":"2026-01-13T12:30:00","guid":{"rendered":"https:\/\/amororaima.com.br\/?p=8669"},"modified":"2026-01-12T22:05:43","modified_gmt":"2026-01-13T02:05:43","slug":"mpf-cobra-planejamento-conjunto-para-atender-migrantes-em-pacaraima","status":"publish","type":"post","link":"https:\/\/amororaima.com.br\/index.php\/2026\/01\/13\/mpf-cobra-planejamento-conjunto-para-atender-migrantes-em-pacaraima\/","title":{"rendered":"MPF cobra planejamento conjunto para atender migrantes em Pacaraima"},"content":{"rendered":"\n<p>O Minist\u00e9rio P\u00fablico Federal (MPF) realizou dilig\u00eancia em Pacaraima, no norte de Roraima, para verificar o fluxo migrat\u00f3rio na fronteira com a Venezuela e avaliar a capacidade de resposta do poder p\u00fablico diante de um poss\u00edvel aumento no n\u00famero de migrantes. A a\u00e7\u00e3o foi conduzida pelo procurador regional dos Direitos do Cidad\u00e3o, Cyro Carn\u00e9 Ribeiro, na sexta-feira (9). As informa\u00e7\u00f5es foram divulgadas nesta segunda-feira (12).<\/p>\n\n\n\n<p>Durante a visita, o MPF inspecionou a estrutura da Opera\u00e7\u00e3o Acolhida, incluindo o Posto de Triagem e o Abrigo de Tr\u00e2nsito, al\u00e9m de ouvir profissionais que atuam diretamente no atendimento aos migrantes.<\/p>\n\n\n\n<p>O procurador ressaltou a import\u00e2ncia da atua\u00e7\u00e3o coordenada entre Uni\u00e3o, governo do estado e munic\u00edpio de Pacaraima. Segundo ele, o planejamento \u00e9 fundamental n\u00e3o apenas para garantir vagas em abrigos, mas tamb\u00e9m para evitar sobrecarga nos servi\u00e7os p\u00fablicos, como sa\u00fade e educa\u00e7\u00e3o.<\/p>\n\n\n\n<p>O MPF avalia que a aus\u00eancia de planejamento pode gerar impactos significativos em munic\u00edpios de fronteira, que j\u00e1 enfrentam desafios estruturais para atender \u00e0 popula\u00e7\u00e3o local e migrante.<\/p>\n","protected":false},"excerpt":{"rendered":"<p>O Minist\u00e9rio P\u00fablico Federal (MPF) realizou dilig\u00eancia em Pacaraima, no norte de Roraima, para verificar o fluxo migrat\u00f3rio na fronteira com a Venezuela e avaliar a capacidade de resposta do poder p\u00fablico diante de um poss\u00edvel aumento no n\u00famero de migrantes. A a\u00e7\u00e3o foi conduzida pelo procurador regional dos Direitos do Cidad\u00e3o, Cyro Carn\u00e9 Ribeiro, [&hellip;]<\/p>\n","protected":false},"author":123458,"featured_media":8670,"comment_status":"closed","ping_status":"closed","sticky":false,"template":"","format":"standard","meta":{"footnotes":""},"categories":[19,174,20],"tags":[4370,1396,171,472,277,3510,149],"class_list":["post-8669","post","type-post","status-publish","format-standard","has-post-thumbnail","hentry","category-brasil","category-direitos-humanos","category-roraima","tag-abrigo-de-transito","tag-migrantes","tag-mpf","tag-operacao-acolhida","tag-pacaraima","tag-posto-de-triagem","tag-venezuela"],"_links":{"self":[{"href":"https:\/\/amororaima.com.br\/index.php\/wp-json\/wp\/v2\/posts\/8669","targetHints":{"allow":["GET"]}}],"collection":[{"href":"https:\/\/amororaima.com.br\/index.php\/wp-json\/wp\/v2\/posts"}],"about":[{"href":"https:\/\/amororaima.com.br\/index.php\/wp-json\/wp\/v2\/types\/post"}],"author":[{"embeddable":true,"href":"https:\/\/amororaima.com.br\/index.php\/wp-json\/wp\/v2\/users\/123458"}],"replies":[{"embeddable":true,"href":"https:\/\/amororaima.com.br\/index.php\/wp-json\/wp\/v2\/comments?post=8669"}],"version-history":[{"count":1,"href":"https:\/\/amororaima.com.br\/index.php\/wp-json\/wp\/v2\/posts\/8669\/revisions"}],"predecessor-version":[{"id":8671,"href":"https:\/\/amororaima.com.br\/index.php\/wp-json\/wp\/v2\/posts\/8669\/revisions\/8671"}],"wp:featuredmedia":[{"embeddable":true,"href":"https:\/\/amororaima.com.br\/index.php\/wp-json\/wp\/v2\/media\/8670"}],"wp:attachment":[{"href":"https:\/\/amororaima.com.br\/index.php\/wp-json\/wp\/v2\/media?parent=8669"}],"wp:term":[{"taxonomy":"category","embeddable":true,"href":"https:\/\/amororaima.com.br\/index.php\/wp-json\/wp\/v2\/categories?post=8669"},{"taxonomy":"post_tag","embeddable":true,"href":"https:\/\/amororaima.com.br\/index.php\/wp-json\/wp\/v2\/tags?post=8669"}],"curies":[{"name":"wp","href":"https:\/\/api.w.org\/{rel}","templated":true}]}}