{"id":8652,"date":"2026-01-10T14:48:07","date_gmt":"2026-01-10T18:48:07","guid":{"rendered":"https:\/\/amororaima.com.br\/?p=8652"},"modified":"2026-01-10T14:48:07","modified_gmt":"2026-01-10T18:48:07","slug":"buscas-por-maduro-superam-venezuela-e-colocam-roraima-no-topo-do-google","status":"publish","type":"post","link":"https:\/\/amororaima.com.br\/index.php\/2026\/01\/10\/buscas-por-maduro-superam-venezuela-e-colocam-roraima-no-topo-do-google\/","title":{"rendered":"Buscas por \u2018Maduro\u2019 superam \u2018Venezuela\u2019 e colocam Roraima no topo do Google"},"content":{"rendered":"\n<p>Roraima foi o estado brasileiro com maior volume de buscas no Google pelos termos \u201cVenezuela\u201d e \u201cMaduro\u201d nos primeiros dias de janeiro, segundo dados do Instituto Nexus. Amazonas e Distrito Federal aparecem logo atr\u00e1s.<\/p>\n\n\n\n<p>De acordo com o mapeamento, at\u00e9 7 de janeiro, o nome de Nicol\u00e1s Maduro atingiu um pico de buscas superior ao termo \u201cVenezuela\u201d. O \u00e1pice ocorreu \u00e0s 8h de 3 de janeiro, horas ap\u00f3s o <a href=\"https:\/\/amororaima.com.br\/index.php\/2026\/01\/03\/operacao-dos-eua-captura-maduro-e-provoca-tensao-internacional\/\" target=\"_blank\" rel=\"noreferrer noopener\"><strong>ataque dos Estados Unidos que levou \u00e0 retirada for\u00e7ada do l\u00edder venezuelano do poder<\/strong><\/a>.<\/p>\n\n\n\n<p>Roraima abriga Pacaraima, munic\u00edpio que funciona como principal porta de entrada de venezuelanos no Brasil. Ap\u00f3s a captura de Maduro, autoridades venezuelanas determinaram o fechamento das fronteiras na manh\u00e3 do \u00faltimo s\u00e1bado.<\/p>\n\n\n\n<p>Al\u00e9m das buscas no Google, o tema tamb\u00e9m teve grande repercuss\u00e3o nas redes sociais, segundo o levantamento da Nexus.<\/p>\n\n\n\n<p><strong><em>Com informa\u00e7\u00f5es de Veja<\/em><\/strong><\/p>\n","protected":false},"excerpt":{"rendered":"<p>Roraima foi o estado brasileiro com maior volume de buscas no Google pelos termos \u201cVenezuela\u201d e \u201cMaduro\u201d nos primeiros dias de janeiro, segundo dados do Instituto Nexus. Amazonas e Distrito Federal aparecem logo atr\u00e1s. De acordo com o mapeamento, at\u00e9 7 de janeiro, o nome de Nicol\u00e1s Maduro atingiu um pico de buscas superior ao [&hellip;]<\/p>\n","protected":false},"author":123458,"featured_media":8653,"comment_status":"closed","ping_status":"closed","sticky":false,"template":"","format":"standard","meta":{"footnotes":""},"categories":[19,28,20],"tags":[152,1973,1068,4364,283,277,4365,93,149],"class_list":["post-8652","post","type-post","status-publish","format-standard","has-post-thumbnail","hentry","category-brasil","category-geral","category-roraima","tag-amazonas","tag-distrito-federal","tag-donald-trump","tag-instituto-nexus","tag-nicolas-maduro","tag-pacaraima","tag-plataforma-x","tag-roraima","tag-venezuela"],"_links":{"self":[{"href":"https:\/\/amororaima.com.br\/index.php\/wp-json\/wp\/v2\/posts\/8652","targetHints":{"allow":["GET"]}}],"collection":[{"href":"https:\/\/amororaima.com.br\/index.php\/wp-json\/wp\/v2\/posts"}],"about":[{"href":"https:\/\/amororaima.com.br\/index.php\/wp-json\/wp\/v2\/types\/post"}],"author":[{"embeddable":true,"href":"https:\/\/amororaima.com.br\/index.php\/wp-json\/wp\/v2\/users\/123458"}],"replies":[{"embeddable":true,"href":"https:\/\/amororaima.com.br\/index.php\/wp-json\/wp\/v2\/comments?post=8652"}],"version-history":[{"count":1,"href":"https:\/\/amororaima.com.br\/index.php\/wp-json\/wp\/v2\/posts\/8652\/revisions"}],"predecessor-version":[{"id":8654,"href":"https:\/\/amororaima.com.br\/index.php\/wp-json\/wp\/v2\/posts\/8652\/revisions\/8654"}],"wp:featuredmedia":[{"embeddable":true,"href":"https:\/\/amororaima.com.br\/index.php\/wp-json\/wp\/v2\/media\/8653"}],"wp:attachment":[{"href":"https:\/\/amororaima.com.br\/index.php\/wp-json\/wp\/v2\/media?parent=8652"}],"wp:term":[{"taxonomy":"category","embeddable":true,"href":"https:\/\/amororaima.com.br\/index.php\/wp-json\/wp\/v2\/categories?post=8652"},{"taxonomy":"post_tag","embeddable":true,"href":"https:\/\/amororaima.com.br\/index.php\/wp-json\/wp\/v2\/tags?post=8652"}],"curies":[{"name":"wp","href":"https:\/\/api.w.org\/{rel}","templated":true}]}}