{"id":8627,"date":"2026-01-08T17:58:03","date_gmt":"2026-01-08T21:58:03","guid":{"rendered":"https:\/\/amororaima.com.br\/?p=8627"},"modified":"2026-01-08T17:58:03","modified_gmt":"2026-01-08T21:58:03","slug":"adolescente-trans-sofre-agressoes-e-preconceito-da-mae-e-caso-termina-em-condenacao-em-roraima","status":"publish","type":"post","link":"https:\/\/amororaima.com.br\/index.php\/2026\/01\/08\/adolescente-trans-sofre-agressoes-e-preconceito-da-mae-e-caso-termina-em-condenacao-em-roraima\/","title":{"rendered":"Adolescente trans sofre agress\u00f5es e preconceito da m\u00e3e e caso termina em condena\u00e7\u00e3o em Roraima"},"content":{"rendered":"\n<p>Uma adolescente de 17 anos, que se identifica como mulher transg\u00eanero, foi v\u00edtima de agress\u00f5es f\u00edsicas, amea\u00e7as e ofensas preconceituosas praticadas pela pr\u00f3pria m\u00e3e, uma mulher de 46 anos, em Roraima. O caso, investigado pela Delegacia de Prote\u00e7\u00e3o \u00e0 Crian\u00e7a e ao Adolescente (DPCA), resultou na condena\u00e7\u00e3o da acusada no final de dezembro de 2025.<\/p>\n\n\n\n<p>Segundo o delegado Matheus Rezende, a den\u00fancia chegou \u00e0 Pol\u00edcia Civil em mar\u00e7o e levou \u00e0 instaura\u00e7\u00e3o de inqu\u00e9rito em agosto. A Justi\u00e7a fixou pena definitiva de 5 anos e 26 dias de reclus\u00e3o, al\u00e9m de 2 meses e 14 dias de deten\u00e7\u00e3o e multa.<\/p>\n\n\n\n<p>As investiga\u00e7\u00f5es apontaram que a m\u00e3e manteve, por meses, uma conduta reiterada de viol\u00eancia dom\u00e9stica, com agress\u00f5es verbais, f\u00edsicas e amea\u00e7as motivadas por discrimina\u00e7\u00e3o relacionada \u00e0 identidade de g\u00eanero e \u00e0 etnia da filha.<\/p>\n\n\n\n<p>Em depoimento, a adolescente relatou o uso frequente de termos ofensivos e frases que negavam sua identidade de g\u00eanero. Conforme a investiga\u00e7\u00e3o, a pr\u00f3pria acusada confirmou os xingamentos, alegando que buscava \u201cdespertar a filha para a vida real\u201d.<\/p>\n\n\n\n<p>Al\u00e9m das agress\u00f5es verbais, o inqu\u00e9rito descreveu epis\u00f3dios de viol\u00eancia f\u00edsica e amea\u00e7as graves, caracterizando um ambiente cont\u00ednuo de viol\u00eancia no \u00e2mbito familiar.<\/p>\n\n\n\n<p>A decis\u00e3o judicial teve como fundamento o entendimento do Supremo Tribunal Federal (STF) que equipara a homotransfobia ao crime de racismo e reconhece a identidade de g\u00eanero autodeclarada como elemento protegido pela legisla\u00e7\u00e3o brasileira.<\/p>\n","protected":false},"excerpt":{"rendered":"<p>Uma adolescente de 17 anos, que se identifica como mulher transg\u00eanero, foi v\u00edtima de agress\u00f5es f\u00edsicas, amea\u00e7as e ofensas preconceituosas praticadas pela pr\u00f3pria m\u00e3e, uma mulher de 46 anos, em Roraima. O caso, investigado pela Delegacia de Prote\u00e7\u00e3o \u00e0 Crian\u00e7a e ao Adolescente (DPCA), resultou na condena\u00e7\u00e3o da acusada no final de dezembro de 2025. [&hellip;]<\/p>\n","protected":false},"author":123458,"featured_media":8628,"comment_status":"closed","ping_status":"closed","sticky":false,"template":"","format":"standard","meta":{"footnotes":""},"categories":[34,20],"tags":[88,273,2988,952,854,55,98,531],"class_list":["post-8627","post","type-post","status-publish","format-standard","has-post-thumbnail","hentry","category-policia","category-roraima","tag-ameaca","tag-dpca","tag-homotransfobia","tag-injuria","tag-lesao-corporal","tag-policia-civil-2","tag-racismo","tag-violencia-domestica"],"_links":{"self":[{"href":"https:\/\/amororaima.com.br\/index.php\/wp-json\/wp\/v2\/posts\/8627","targetHints":{"allow":["GET"]}}],"collection":[{"href":"https:\/\/amororaima.com.br\/index.php\/wp-json\/wp\/v2\/posts"}],"about":[{"href":"https:\/\/amororaima.com.br\/index.php\/wp-json\/wp\/v2\/types\/post"}],"author":[{"embeddable":true,"href":"https:\/\/amororaima.com.br\/index.php\/wp-json\/wp\/v2\/users\/123458"}],"replies":[{"embeddable":true,"href":"https:\/\/amororaima.com.br\/index.php\/wp-json\/wp\/v2\/comments?post=8627"}],"version-history":[{"count":1,"href":"https:\/\/amororaima.com.br\/index.php\/wp-json\/wp\/v2\/posts\/8627\/revisions"}],"predecessor-version":[{"id":8629,"href":"https:\/\/amororaima.com.br\/index.php\/wp-json\/wp\/v2\/posts\/8627\/revisions\/8629"}],"wp:featuredmedia":[{"embeddable":true,"href":"https:\/\/amororaima.com.br\/index.php\/wp-json\/wp\/v2\/media\/8628"}],"wp:attachment":[{"href":"https:\/\/amororaima.com.br\/index.php\/wp-json\/wp\/v2\/media?parent=8627"}],"wp:term":[{"taxonomy":"category","embeddable":true,"href":"https:\/\/amororaima.com.br\/index.php\/wp-json\/wp\/v2\/categories?post=8627"},{"taxonomy":"post_tag","embeddable":true,"href":"https:\/\/amororaima.com.br\/index.php\/wp-json\/wp\/v2\/tags?post=8627"}],"curies":[{"name":"wp","href":"https:\/\/api.w.org\/{rel}","templated":true}]}}