{"id":8582,"date":"2026-01-05T12:17:23","date_gmt":"2026-01-05T16:17:23","guid":{"rendered":"https:\/\/amororaima.com.br\/?p=8582"},"modified":"2026-01-05T12:17:23","modified_gmt":"2026-01-05T16:17:23","slug":"governo-federal-fecha-acordo-para-ressarcir-roraima-em-r-115-milhoes-por-gastos-com-venezuelanos","status":"publish","type":"post","link":"https:\/\/amororaima.com.br\/index.php\/2026\/01\/05\/governo-federal-fecha-acordo-para-ressarcir-roraima-em-r-115-milhoes-por-gastos-com-venezuelanos\/","title":{"rendered":"Governo federal fecha acordo para ressarcir Roraima em R$ 115 milh\u00f5es por gastos com venezuelanos"},"content":{"rendered":"\n<p>O Supremo Tribunal Federal (STF) analisa um acordo que prev\u00ea o repasse de R$ 115 milh\u00f5es do governo federal a Roraima para ressarcir despesas relacionadas \u00e0 imigra\u00e7\u00e3o venezuelana. O termo de concilia\u00e7\u00e3o foi apresentado \u00e0 Corte em 19 de dezembro e aguarda homologa\u00e7\u00e3o do relator, ministro Luiz Fux.<\/p>\n\n\n\n<p>O processo tramita no STF desde 2018, quando a entrada de venezuelanos em Roraima atingiu seu ponto mais elevado. Dados da Prefeitura de Boa Vista indicam que cerca de 40 mil pessoas cruzaram a fronteira naquele per\u00edodo, principalmente pelo munic\u00edpio de Pacaraima, no norte do estado.<\/p>\n\n\n\n<p>O acordo foi firmado entre a Advocacia-Geral da Uni\u00e3o (AGU) e o governo estadual. O documento estabelece que os recursos ser\u00e3o distribu\u00eddos em quatro \u00e1reas: sa\u00fade (R$ 36 milh\u00f5es), educa\u00e7\u00e3o (R$ 10 milh\u00f5es), seguran\u00e7a p\u00fablica (R$ 63 milh\u00f5es) e sistema prisional (R$ 6 milh\u00f5es).<\/p>\n\n\n\n<p>O termo tamb\u00e9m imp\u00f5e restri\u00e7\u00f5es ao uso do dinheiro. De acordo com o texto, os valores devem ser aplicados exclusivamente nas despesas relacionadas a cada \u00e1rea, sem possibilidade de remanejamento para outras finalidades.<\/p>\n\n\n\n<p><strong><em>Com informa\u00e7\u00f5es do Metr\u00f3poles<\/em><\/strong><\/p>\n","protected":false},"excerpt":{"rendered":"<p>O Supremo Tribunal Federal (STF) analisa um acordo que prev\u00ea o repasse de R$ 115 milh\u00f5es do governo federal a Roraima para ressarcir despesas relacionadas \u00e0 imigra\u00e7\u00e3o venezuelana. O termo de concilia\u00e7\u00e3o foi apresentado \u00e0 Corte em 19 de dezembro e aguarda homologa\u00e7\u00e3o do relator, ministro Luiz Fux. O processo tramita no STF desde 2018, [&hellip;]<\/p>\n","protected":false},"author":123458,"featured_media":8583,"comment_status":"closed","ping_status":"closed","sticky":false,"template":"","format":"standard","meta":{"footnotes":""},"categories":[19,31,20],"tags":[353,78,724,277,222,1966,41,219,286,53,185],"class_list":["post-8582","post","type-post","status-publish","format-standard","has-post-thumbnail","hentry","category-brasil","category-politica","category-roraima","tag-agu","tag-educacao","tag-governo-de-roraima","tag-pacaraima","tag-prefeitura-de-boa-vista","tag-ressarcimento","tag-saude","tag-seguranca-publica","tag-sistema-prisional","tag-stf","tag-venezuelanos"],"_links":{"self":[{"href":"https:\/\/amororaima.com.br\/index.php\/wp-json\/wp\/v2\/posts\/8582","targetHints":{"allow":["GET"]}}],"collection":[{"href":"https:\/\/amororaima.com.br\/index.php\/wp-json\/wp\/v2\/posts"}],"about":[{"href":"https:\/\/amororaima.com.br\/index.php\/wp-json\/wp\/v2\/types\/post"}],"author":[{"embeddable":true,"href":"https:\/\/amororaima.com.br\/index.php\/wp-json\/wp\/v2\/users\/123458"}],"replies":[{"embeddable":true,"href":"https:\/\/amororaima.com.br\/index.php\/wp-json\/wp\/v2\/comments?post=8582"}],"version-history":[{"count":1,"href":"https:\/\/amororaima.com.br\/index.php\/wp-json\/wp\/v2\/posts\/8582\/revisions"}],"predecessor-version":[{"id":8584,"href":"https:\/\/amororaima.com.br\/index.php\/wp-json\/wp\/v2\/posts\/8582\/revisions\/8584"}],"wp:featuredmedia":[{"embeddable":true,"href":"https:\/\/amororaima.com.br\/index.php\/wp-json\/wp\/v2\/media\/8583"}],"wp:attachment":[{"href":"https:\/\/amororaima.com.br\/index.php\/wp-json\/wp\/v2\/media?parent=8582"}],"wp:term":[{"taxonomy":"category","embeddable":true,"href":"https:\/\/amororaima.com.br\/index.php\/wp-json\/wp\/v2\/categories?post=8582"},{"taxonomy":"post_tag","embeddable":true,"href":"https:\/\/amororaima.com.br\/index.php\/wp-json\/wp\/v2\/tags?post=8582"}],"curies":[{"name":"wp","href":"https:\/\/api.w.org\/{rel}","templated":true}]}}