{"id":8373,"date":"2025-12-05T06:00:00","date_gmt":"2025-12-05T10:00:00","guid":{"rendered":"https:\/\/amororaima.com.br\/?p=8373"},"modified":"2025-12-04T21:04:45","modified_gmt":"2025-12-05T01:04:45","slug":"caravana-da-mulher-da-alerr-leva-atendimentos-especializados-e-servicos-gratuitos-a-uiramuta-neste-sabado","status":"publish","type":"post","link":"https:\/\/amororaima.com.br\/index.php\/2025\/12\/05\/caravana-da-mulher-da-alerr-leva-atendimentos-especializados-e-servicos-gratuitos-a-uiramuta-neste-sabado\/","title":{"rendered":"Caravana da Mulher da ALERR leva atendimentos especializados e servi\u00e7os gratuitos a Uiramut\u00e3 neste s\u00e1bado"},"content":{"rendered":"\n<p>A cidade de Uiramut\u00e3 recebe neste s\u00e1bado (6) a Caravana da Mulher, a\u00e7\u00e3o promovida pela Secretaria Especial da Mulher da Assembleia Legislativa de Roraima (ALERR). O evento est\u00e1 marcado para as 8h na Escola Municipal Ant\u00f4nio Rodrigues da Silva, localizada na Rua da Alegria, bairro Boa Vista.<\/p>\n\n\n\n<p>O p\u00fablico feminino ter\u00e1 acesso a atendimento m\u00e9dico em v\u00e1rias especialidades, acompanhamento psicol\u00f3gico, orienta\u00e7\u00e3o jur\u00eddica e atividades de beleza. A deputada Joilma Teodora (Podemos), que coordena a pasta, destacou que a escolha do munic\u00edpio considerou a dificuldade de oferta de servi\u00e7os em \u00e1reas mais distantes.<\/p>\n\n\n\n<p>\u201cEsses servi\u00e7os ser\u00e3o ofertados especialmente para voc\u00eas, do munic\u00edpio, e localidades pr\u00f3ximas. \u00c9 uma a\u00e7\u00e3o planejada com muito amor e carinho, porque a gente sabe das dificuldades que alguns profissionais t\u00eam de se deslocar at\u00e9 o munic\u00edpio devido \u00e0s estradas e, por essa car\u00eancia, escolhemos a cidade. N\u00e3o deixem de participar desse momento importante\u201d, afirmou.<\/p>\n\n\n\n<p>A programa\u00e7\u00e3o contempla palestras sobre viol\u00eancia dom\u00e9stica e familiar, entrega de perucas e consultas em oftalmologia, pediatria, ginecologia e cl\u00ednica geral. Servi\u00e7os de bem-estar \u2014 entre eles design de sobrancelhas, maquiagem, corte de cabelo e pintura facial para crian\u00e7as \u2014 tamb\u00e9m ser\u00e3o oferecidos.<\/p>\n","protected":false},"excerpt":{"rendered":"<p>A cidade de Uiramut\u00e3 recebe neste s\u00e1bado (6) a Caravana da Mulher, a\u00e7\u00e3o promovida pela Secretaria Especial da Mulher da Assembleia Legislativa de Roraima (ALERR). O evento est\u00e1 marcado para as 8h na Escola Municipal Ant\u00f4nio Rodrigues da Silva, localizada na Rua da Alegria, bairro Boa Vista. O p\u00fablico feminino ter\u00e1 acesso a atendimento m\u00e9dico [&hellip;]<\/p>\n","protected":false},"author":123458,"featured_media":8374,"comment_status":"closed","ping_status":"closed","sticky":false,"template":"","format":"standard","meta":{"footnotes":""},"categories":[174,20],"tags":[3003,4210,4211,4213,3234,3551,4212,4215,4214,3971,360],"class_list":["post-8373","post","type-post","status-publish","format-standard","has-post-thumbnail","hentry","category-direitos-humanos","category-roraima","tag-alerr","tag-atendimentos","tag-caravana-da-mulher","tag-clinica-geral","tag-ginecologia","tag-oftalmologia","tag-orientacoes-juridicas","tag-palestras","tag-pediatria","tag-secretaria-especial-da-mulher","tag-uiramuta"],"_links":{"self":[{"href":"https:\/\/amororaima.com.br\/index.php\/wp-json\/wp\/v2\/posts\/8373","targetHints":{"allow":["GET"]}}],"collection":[{"href":"https:\/\/amororaima.com.br\/index.php\/wp-json\/wp\/v2\/posts"}],"about":[{"href":"https:\/\/amororaima.com.br\/index.php\/wp-json\/wp\/v2\/types\/post"}],"author":[{"embeddable":true,"href":"https:\/\/amororaima.com.br\/index.php\/wp-json\/wp\/v2\/users\/123458"}],"replies":[{"embeddable":true,"href":"https:\/\/amororaima.com.br\/index.php\/wp-json\/wp\/v2\/comments?post=8373"}],"version-history":[{"count":2,"href":"https:\/\/amororaima.com.br\/index.php\/wp-json\/wp\/v2\/posts\/8373\/revisions"}],"predecessor-version":[{"id":8376,"href":"https:\/\/amororaima.com.br\/index.php\/wp-json\/wp\/v2\/posts\/8373\/revisions\/8376"}],"wp:featuredmedia":[{"embeddable":true,"href":"https:\/\/amororaima.com.br\/index.php\/wp-json\/wp\/v2\/media\/8374"}],"wp:attachment":[{"href":"https:\/\/amororaima.com.br\/index.php\/wp-json\/wp\/v2\/media?parent=8373"}],"wp:term":[{"taxonomy":"category","embeddable":true,"href":"https:\/\/amororaima.com.br\/index.php\/wp-json\/wp\/v2\/categories?post=8373"},{"taxonomy":"post_tag","embeddable":true,"href":"https:\/\/amororaima.com.br\/index.php\/wp-json\/wp\/v2\/tags?post=8373"}],"curies":[{"name":"wp","href":"https:\/\/api.w.org\/{rel}","templated":true}]}}