{"id":8289,"date":"2025-11-26T20:12:08","date_gmt":"2025-11-27T00:12:08","guid":{"rendered":"https:\/\/amororaima.com.br\/?p=8289"},"modified":"2025-11-26T20:12:08","modified_gmt":"2025-11-27T00:12:08","slug":"procurado-pela-interpol-foragido-por-estupro-de-enteada-no-acre-e-preso-no-municipio-de-canta","status":"publish","type":"post","link":"https:\/\/amororaima.com.br\/index.php\/2025\/11\/26\/procurado-pela-interpol-foragido-por-estupro-de-enteada-no-acre-e-preso-no-municipio-de-canta\/","title":{"rendered":"Procurado pela Interpol: foragido por estupro de enteada no Acre \u00e9 preso no munic\u00edpio de Cant\u00e1"},"content":{"rendered":"\n<p>Um homem de 47 anos, procurado pela Interpol por abuso sexual da enteada em 2005, foi preso nesta quarta-feira (26) por equipes do N\u00facleo de Intelig\u00eancia (NI) e da Delegacia de Pol\u00edcia Interestadual (Polinter) em Cant\u00e1, interior de Roraima. A a\u00e7\u00e3o ocorreu ap\u00f3s pedido de apoio da Pol\u00edcia Civil do Acre.<\/p>\n\n\n\n<p>Segundo o chefe do NI, Ricardo Pedrosa, a pol\u00edcia acreana obteve novo informe sobre o paradeiro do homem e solicitou aux\u00edlio para cumprir o mandado. Ap\u00f3s buscas, ele foi encontrado na vicinal 14 do Projeto de Assentamento (PA) Caferan, onde mantinha vida reservada para evitar ser descoberto.<\/p>\n\n\n\n<p>As investiga\u00e7\u00f5es indicam que o crime ocorreu no bairro Calafate, em Rio Branco, em 2005. O homem abusou e amea\u00e7ou a enteada, de 9 anos, usando a posi\u00e7\u00e3o de padrasto para cometer os ataques. A m\u00e3e da crian\u00e7a tamb\u00e9m passou a sofrer intimida\u00e7\u00f5es ap\u00f3s denunciar o caso.<\/p>\n\n\n\n<p>Foragido desde ent\u00e3o, ele n\u00e3o foi mais encontrado apesar de in\u00fameras dilig\u00eancias. Em 2008, a Justi\u00e7a do Acre decretou sua pris\u00e3o preventiva. Ap\u00f3s a captura em Roraima, ele foi levado \u00e0 Polinter e aguarda recambiamento para o estado de origem.<\/p>\n","protected":false},"excerpt":{"rendered":"<p>Um homem de 47 anos, procurado pela Interpol por abuso sexual da enteada em 2005, foi preso nesta quarta-feira (26) por equipes do N\u00facleo de Intelig\u00eancia (NI) e da Delegacia de Pol\u00edcia Interestadual (Polinter) em Cant\u00e1, interior de Roraima. A a\u00e7\u00e3o ocorreu ap\u00f3s pedido de apoio da Pol\u00edcia Civil do Acre. Segundo o chefe do [&hellip;]<\/p>\n","protected":false},"author":123458,"featured_media":8290,"comment_status":"closed","ping_status":"closed","sticky":false,"template":"","format":"standard","meta":{"footnotes":""},"categories":[19,34,20],"tags":[419,57,1510,2704,4162,4160,132,133,366,4161],"class_list":["post-8289","post","type-post","status-publish","format-standard","has-post-thumbnail","hentry","category-brasil","category-policia","category-roraima","tag-acre","tag-estupro","tag-interpol","tag-ni","tag-pa-caferan","tag-pcac","tag-pcrr","tag-polinter","tag-rio-branco","tag-vulneravel"],"_links":{"self":[{"href":"https:\/\/amororaima.com.br\/index.php\/wp-json\/wp\/v2\/posts\/8289","targetHints":{"allow":["GET"]}}],"collection":[{"href":"https:\/\/amororaima.com.br\/index.php\/wp-json\/wp\/v2\/posts"}],"about":[{"href":"https:\/\/amororaima.com.br\/index.php\/wp-json\/wp\/v2\/types\/post"}],"author":[{"embeddable":true,"href":"https:\/\/amororaima.com.br\/index.php\/wp-json\/wp\/v2\/users\/123458"}],"replies":[{"embeddable":true,"href":"https:\/\/amororaima.com.br\/index.php\/wp-json\/wp\/v2\/comments?post=8289"}],"version-history":[{"count":1,"href":"https:\/\/amororaima.com.br\/index.php\/wp-json\/wp\/v2\/posts\/8289\/revisions"}],"predecessor-version":[{"id":8291,"href":"https:\/\/amororaima.com.br\/index.php\/wp-json\/wp\/v2\/posts\/8289\/revisions\/8291"}],"wp:featuredmedia":[{"embeddable":true,"href":"https:\/\/amororaima.com.br\/index.php\/wp-json\/wp\/v2\/media\/8290"}],"wp:attachment":[{"href":"https:\/\/amororaima.com.br\/index.php\/wp-json\/wp\/v2\/media?parent=8289"}],"wp:term":[{"taxonomy":"category","embeddable":true,"href":"https:\/\/amororaima.com.br\/index.php\/wp-json\/wp\/v2\/categories?post=8289"},{"taxonomy":"post_tag","embeddable":true,"href":"https:\/\/amororaima.com.br\/index.php\/wp-json\/wp\/v2\/tags?post=8289"}],"curies":[{"name":"wp","href":"https:\/\/api.w.org\/{rel}","templated":true}]}}